{"id":169689,"date":"2018-04-17T10:41:01","date_gmt":"2018-04-17T13:41:01","guid":{"rendered":"http:\/\/notinor.com\/jujuy\/?p=169689"},"modified":"2018-04-17T10:41:01","modified_gmt":"2018-04-17T13:41:01","slug":"arganaraz-julia","status":"publish","type":"post","link":"https:\/\/notinor.com\/jujuy\/arganaraz-julia\/","title":{"rendered":"ARGA\u00d1ARAZ, Julia"},"content":{"rendered":"<p>Falleci\u00f3 el d\u00eda 15 de abril de 2018. C.A.S.R. y B.P. a la edad de 82 a\u00f1os. Su hijo: Mario Alberto Sanchez, sus hermanos, sus nietos Claudia, Jimena y Leonardo Sanchez, sus bisnietos: Eliel, Thiago, Mercedes, Salma, Lorenzo, Lucio y M\u00e1ximo, dem\u00e1s familiares y amigos participan de su fallecimiento e informan a todas las personas piadosas que sus restos mortales fueron inhumados el 16 abril, en el cementerio Parque El Solar. Casa de duelo Independencia 1037. La familia agradece a todas las personas que acompa\u00f1an en estos momentos de profundo dolor. Se ruega elevar una plegaria por el descanso de su alma. Exequias y ceremonial Werchow Servicios Sociales SRL. Independencia 1185- S.S. de Jujuy- Tel.4228433- Cel.0388- 154177373.<\/p>\n","protected":false},"excerpt":{"rendered":"<p>Falleci\u00f3 el d\u00eda 15 de abril de 2018. C.A.S.R. y B.P. a la edad de 82 a\u00f1os. Su hijo: Mario Alberto Sanchez, sus hermanos, sus nietos Claudia, Jimena y Leonardo Sanchez, sus bisnietos: Eliel, Thiago, Mercedes, Salma, Lorenzo, Lucio y M\u00e1ximo, dem\u00e1s familiares y amigos participan de su fallecimiento e informan a todas las personas [&hellip;]<\/p>\n","protected":false},"author":5,"featured_media":130005,"comment_status":"open","ping_status":"open","sticky":false,"template":"","format":"standard","meta":{"_stopmodifiedupdate":false,"_modified_date":"","inline_featured_image":false,"spay_email":"","jetpack_publicize_message":""},"categories":[523],"tags":[],"jetpack_featured_media_url":"https:\/\/notinor.com\/jujuy\/wp-content\/uploads\/2017\/08\/Obituarios-1.jpg","jetpack_publicize_connections":[],"_links":{"self":[{"href":"https:\/\/notinor.com\/jujuy\/wp-json\/wp\/v2\/posts\/169689"}],"collection":[{"href":"https:\/\/notinor.com\/jujuy\/wp-json\/wp\/v2\/posts"}],"about":[{"href":"https:\/\/notinor.com\/jujuy\/wp-json\/wp\/v2\/types\/post"}],"author":[{"embeddable":true,"href":"https:\/\/notinor.com\/jujuy\/wp-json\/wp\/v2\/users\/5"}],"replies":[{"embeddable":true,"href":"https:\/\/notinor.com\/jujuy\/wp-json\/wp\/v2\/comments?post=169689"}],"version-history":[{"count":1,"href":"https:\/\/notinor.com\/jujuy\/wp-json\/wp\/v2\/posts\/169689\/revisions"}],"predecessor-version":[{"id":169690,"href":"https:\/\/notinor.com\/jujuy\/wp-json\/wp\/v2\/posts\/169689\/revisions\/169690"}],"wp:featuredmedia":[{"embeddable":true,"href":"https:\/\/notinor.com\/jujuy\/wp-json\/wp\/v2\/media\/130005"}],"wp:attachment":[{"href":"https:\/\/notinor.com\/jujuy\/wp-json\/wp\/v2\/media?parent=169689"}],"wp:term":[{"taxonomy":"category","embeddable":true,"href":"https:\/\/notinor.com\/jujuy\/wp-json\/wp\/v2\/categories?post=169689"},{"taxonomy":"post_tag","embeddable":true,"href":"https:\/\/notinor.com\/jujuy\/wp-json\/wp\/v2\/tags?post=169689"}],"curies":[{"name":"wp","href":"https:\/\/api.w.org\/{rel}","templated":true}]}}