{"id":169682,"date":"2018-04-17T09:46:11","date_gmt":"2018-04-17T12:46:11","guid":{"rendered":"http:\/\/notinor.com\/jujuy\/?p=169682"},"modified":"2018-04-17T09:46:11","modified_gmt":"2018-04-17T12:46:11","slug":"gonzalez-fernando-jose","status":"publish","type":"post","link":"https:\/\/notinor.com\/jujuy\/gonzalez-fernando-jose\/","title":{"rendered":"GONZALEZ, Fernando Jos\u00e9"},"content":{"rendered":"<p>Falleci\u00f3 el d\u00eda 16 de abril de 2018, a hs. 12:30. C.A.S.R. y B.P. a la edad de 57 a\u00f1os. Su esposa: Silvia Beatriz Reade de Gonz\u00e1lez, su hija: Brenda Karina Gonz\u00e1lez y dem\u00e1s familiares participan con profundo dolor su fallecimiento e invitan a sus amistades y dem\u00e1s personas piadosas al sepelio de sus restos hoy 17 de abril a hs. 11:00, en el cementerio El Salvador- Jujuy. FAE. Casa de duelo salas Arenales de empresa La Piedad, sita en calle Arenales 1145, Jujuy. Ritual de homenaje empresa La Piedad SA. Salta 727, Jujuy. Tel.0388-4222487, l\u00ednea gratuita 0800-444-5274.<\/p>\n","protected":false},"excerpt":{"rendered":"<p>Falleci\u00f3 el d\u00eda 16 de abril de 2018, a hs. 12:30. C.A.S.R. y B.P. a la edad de 57 a\u00f1os. Su esposa: Silvia Beatriz Reade de Gonz\u00e1lez, su hija: Brenda Karina Gonz\u00e1lez y dem\u00e1s familiares participan con profundo dolor su fallecimiento e invitan a sus amistades y dem\u00e1s personas piadosas al sepelio de sus restos [&hellip;]<\/p>\n","protected":false},"author":5,"featured_media":130005,"comment_status":"open","ping_status":"open","sticky":false,"template":"","format":"standard","meta":{"_stopmodifiedupdate":false,"_modified_date":"","inline_featured_image":false,"spay_email":"","jetpack_publicize_message":""},"categories":[523],"tags":[],"jetpack_featured_media_url":"https:\/\/notinor.com\/jujuy\/wp-content\/uploads\/2017\/08\/Obituarios-1.jpg","jetpack_publicize_connections":[],"_links":{"self":[{"href":"https:\/\/notinor.com\/jujuy\/wp-json\/wp\/v2\/posts\/169682"}],"collection":[{"href":"https:\/\/notinor.com\/jujuy\/wp-json\/wp\/v2\/posts"}],"about":[{"href":"https:\/\/notinor.com\/jujuy\/wp-json\/wp\/v2\/types\/post"}],"author":[{"embeddable":true,"href":"https:\/\/notinor.com\/jujuy\/wp-json\/wp\/v2\/users\/5"}],"replies":[{"embeddable":true,"href":"https:\/\/notinor.com\/jujuy\/wp-json\/wp\/v2\/comments?post=169682"}],"version-history":[{"count":1,"href":"https:\/\/notinor.com\/jujuy\/wp-json\/wp\/v2\/posts\/169682\/revisions"}],"predecessor-version":[{"id":169683,"href":"https:\/\/notinor.com\/jujuy\/wp-json\/wp\/v2\/posts\/169682\/revisions\/169683"}],"wp:featuredmedia":[{"embeddable":true,"href":"https:\/\/notinor.com\/jujuy\/wp-json\/wp\/v2\/media\/130005"}],"wp:attachment":[{"href":"https:\/\/notinor.com\/jujuy\/wp-json\/wp\/v2\/media?parent=169682"}],"wp:term":[{"taxonomy":"category","embeddable":true,"href":"https:\/\/notinor.com\/jujuy\/wp-json\/wp\/v2\/categories?post=169682"},{"taxonomy":"post_tag","embeddable":true,"href":"https:\/\/notinor.com\/jujuy\/wp-json\/wp\/v2\/tags?post=169682"}],"curies":[{"name":"wp","href":"https:\/\/api.w.org\/{rel}","templated":true}]}}