{"id":169679,"date":"2018-04-17T09:41:28","date_gmt":"2018-04-17T12:41:28","guid":{"rendered":"http:\/\/notinor.com\/jujuy\/?p=169679"},"modified":"2018-04-18T07:50:00","modified_gmt":"2018-04-18T10:50:00","slug":"continua-hoy-con-las-indagatorias-de-abregu-y-mercado","status":"publish","type":"post","link":"https:\/\/notinor.com\/jujuy\/continua-hoy-con-las-indagatorias-de-abregu-y-mercado\/","title":{"rendered":"Prestaron declaraci\u00f3n indagatoria Abreg\u00fa y Mercado"},"content":{"rendered":"<p><img decoding=\"async\" loading=\"lazy\" class=\"alignnone size-medium wp-image-169680\" src=\"http:\/\/notinor.com\/jujuy\/wp-content\/uploads\/2018\/04\/abregu-mercado-532x365.jpg\" alt=\"\" width=\"532\" height=\"365\" srcset=\"https:\/\/notinor.com\/jujuy\/wp-content\/uploads\/2018\/04\/abregu-mercado-532x365.jpg 532w, https:\/\/notinor.com\/jujuy\/wp-content\/uploads\/2018\/04\/abregu-mercado.jpg 589w\" sizes=\"(max-width: 532px) 100vw, 532px\" \/><\/p>\n<p>&nbsp;<\/p>\n<p>Esta ma\u00f1ana, a las 8:30 y a las 11:00 concurrieron a prestar declaraci\u00f3n indagatoria los ex funcionarios Jos\u00e9 Mercado y Lucio Abtreg\u00fa, respectivamente, acompa\u00f1ados por sus abogados.<\/p>\n<p>El primero en declarar fue Jos\u00e9 Mercado, ex integrante de la Unidad Ejecutora Provincial quien est\u00e1 acusado de ser organizador de una asociaci\u00f3n il\u00edcita, lleg\u00f3 a los tribunales de San Mart\u00edn en compa{ia de su abogado Marcelo El\u00edas.<\/p>\n<p>M\u00e1s tarde hizo lo propio Lucio Abreg\u00fa, ex titular del IVUJ, junto a su abogada Cinthia Abreg\u00fa.<\/p>\n<p>En ambos casos los letrados solicitaron el cese de detenci\u00f3n poniendo de relieve que ambos imputados siempre estuvieron a derecho, calificaron a las detenciones como arbitrarias, y sostuvieron que por aplicaci\u00f3n del principio de igualdad ambos deber\u00edan ser puestos en libertad como sucedi\u00f3 con el ex gobernador Eduardo Fellner.<\/p>\n<p>Cabe recordar que ayer, prestaron declaraci\u00f3n Caludia Trenque, escribana de la Tupac Amaru, y Luis Cosentini, ex tirular de la cartera de GTierra y vivienda y tambi\u00b4pen ex titular del IVUJ. Ambos solicitaron el cese de detenci\u00f3n luego de la indagatoria, pero fueron devueltos al Penal de Alto Comedero donde permanecen aojados hasta tanto el juez decida sobre si continuar\u00e1n bajo custodia o si gozar\u00e1n del beneficio de la libertad.<\/p>\n<p>Ma\u00f1ana est\u00e1 prevista la declaraci\u00f3n del intendente de San Salvador de Jujuy, Ra\u00fal \"Chuli\" Jorge, quien est\u00e1 tambi\u00e9n imputado junto a otros intendentes quienes deber\u00e1n comparecer seg\u00fan lo vayan requiriendo las autoridades judiciales. \u00d1os otros jefes comunales son Elsa Flores de Calilegua, Julio Mois\u00e9s de San Pedro, Jorge Al\u00e9 de Libertador General San Mart\u00edn, Alberto Ortiz de Palpal\u00e1, Sergio Bautista de La Esperanza, Adri\u00e1n Mendieta de El Carmen, Nilson Ortega de Monterrico, Rolando Ficoseco de Perico y Aldo Herrera de Humahuaca.<\/p>\n","protected":false},"excerpt":{"rendered":"<p>&nbsp; Esta ma\u00f1ana, a las 8:30 y a las 11:00 concurrieron a prestar declaraci\u00f3n indagatoria los ex funcionarios Jos\u00e9 Mercado y Lucio Abtreg\u00fa, respectivamente, acompa\u00f1ados por sus abogados. El primero en declarar fue Jos\u00e9 Mercado, ex integrante de la Unidad Ejecutora Provincial quien est\u00e1 acusado de ser organizador de una asociaci\u00f3n il\u00edcita, lleg\u00f3 a los [&hellip;]<\/p>\n","protected":false},"author":1,"featured_media":169680,"comment_status":"open","ping_status":"open","sticky":false,"template":"","format":"standard","meta":{"_stopmodifiedupdate":false,"_modified_date":"","inline_featured_image":false,"spay_email":"","jetpack_publicize_message":""},"categories":[2,501],"tags":[],"jetpack_featured_media_url":"https:\/\/notinor.com\/jujuy\/wp-content\/uploads\/2018\/04\/abregu-mercado.jpg","jetpack_publicize_connections":[],"_links":{"self":[{"href":"https:\/\/notinor.com\/jujuy\/wp-json\/wp\/v2\/posts\/169679"}],"collection":[{"href":"https:\/\/notinor.com\/jujuy\/wp-json\/wp\/v2\/posts"}],"about":[{"href":"https:\/\/notinor.com\/jujuy\/wp-json\/wp\/v2\/types\/post"}],"author":[{"embeddable":true,"href":"https:\/\/notinor.com\/jujuy\/wp-json\/wp\/v2\/users\/1"}],"replies":[{"embeddable":true,"href":"https:\/\/notinor.com\/jujuy\/wp-json\/wp\/v2\/comments?post=169679"}],"version-history":[{"count":2,"href":"https:\/\/notinor.com\/jujuy\/wp-json\/wp\/v2\/posts\/169679\/revisions"}],"predecessor-version":[{"id":169784,"href":"https:\/\/notinor.com\/jujuy\/wp-json\/wp\/v2\/posts\/169679\/revisions\/169784"}],"wp:featuredmedia":[{"embeddable":true,"href":"https:\/\/notinor.com\/jujuy\/wp-json\/wp\/v2\/media\/169680"}],"wp:attachment":[{"href":"https:\/\/notinor.com\/jujuy\/wp-json\/wp\/v2\/media?parent=169679"}],"wp:term":[{"taxonomy":"category","embeddable":true,"href":"https:\/\/notinor.com\/jujuy\/wp-json\/wp\/v2\/categories?post=169679"},{"taxonomy":"post_tag","embeddable":true,"href":"https:\/\/notinor.com\/jujuy\/wp-json\/wp\/v2\/tags?post=169679"}],"curies":[{"name":"wp","href":"https:\/\/api.w.org\/{rel}","templated":true}]}}