{"id":169676,"date":"2018-04-17T09:37:23","date_gmt":"2018-04-17T12:37:23","guid":{"rendered":"http:\/\/notinor.com\/jujuy\/?p=169676"},"modified":"2018-04-17T09:37:23","modified_gmt":"2018-04-17T12:37:23","slug":"hoy-a-las-1900-terminan-las-elecciones-en-la-universidad","status":"publish","type":"post","link":"https:\/\/notinor.com\/jujuy\/hoy-a-las-1900-terminan-las-elecciones-en-la-universidad\/","title":{"rendered":"Hoy a las 19:00 terminan las elecciones en la universidad"},"content":{"rendered":"<p><img decoding=\"async\" loading=\"lazy\" class=\"alignnone size-full wp-image-169677\" src=\"http:\/\/notinor.com\/jujuy\/wp-content\/uploads\/2018\/04\/TECCHI-SLAVUTSKY.jpg\" alt=\"\" width=\"620\" height=\"330\" \/><\/p>\n<p>&nbsp;<\/p>\n<p>Cabe recordar que solo se present\u00f3 una lista para elegir rector, por lo que la continuidad de Rodolfo Tecchi est\u00e1 asegurada por cuatro a\u00f1os m\u00e1s. Lo acompa\u00f1a en la f\u00f3rmula Ricardo Slavutsky quien ser\u00e1 proclamado vicedecano por la Junta Electoral.<\/p>\n<p>El proceso electoral es hist\u00f3rico por cuanto se eligen simult\u00e1neamente consejeros acad\u00e9micos y decanos.<\/p>\n<p>En la Facultad de Humanidades y Ciencias Sociales tambi\u00e9n se dio la situaci\u00f3n de lista \u00fanica, por lo que ser\u00e1 proclamados, al t\u00e9rmino del comicio, C\u00e9sar Arrueta e Ignacio Bejarano como decano y vicedecano respectivamente.<\/p>\n<p>En Ciencias Econ\u00f3micas, hay dos listas en pugna entre las que deber\u00e1n elegir: Una encabezada por virginia Jue y la otra por Javier Mart\u00ednez.<\/p>\n<p>En Ciencias Agrarias tambi\u00e9n hay dos listas, una encabezada por Dante Hormigo y la otra por Miriam Serrano.<\/p>\n<p>La facultad que m\u00e1s listas en pugna presenta es la de Ingenier\u00eda. El actual decano Gustavo Lores va por la re-elecci\u00f3n enfrentando a Beatriz Boero, por un lado y a enrique Tarifa por la tercera lista.<\/p>\n<p>Cabe recordar que en la Escuela de Minas, comunidad que pertenece a la UNJu ya se eligi\u00f3 como director a Fernando Sueiro.<\/p>\n","protected":false},"excerpt":{"rendered":"<p>&nbsp; Cabe recordar que solo se present\u00f3 una lista para elegir rector, por lo que la continuidad de Rodolfo Tecchi est\u00e1 asegurada por cuatro a\u00f1os m\u00e1s. Lo acompa\u00f1a en la f\u00f3rmula Ricardo Slavutsky quien ser\u00e1 proclamado vicedecano por la Junta Electoral. El proceso electoral es hist\u00f3rico por cuanto se eligen simult\u00e1neamente consejeros acad\u00e9micos y decanos. [&hellip;]<\/p>\n","protected":false},"author":1,"featured_media":169677,"comment_status":"open","ping_status":"open","sticky":false,"template":"","format":"standard","meta":{"_stopmodifiedupdate":false,"_modified_date":"","inline_featured_image":false,"spay_email":"","jetpack_publicize_message":""},"categories":[514],"tags":[],"jetpack_featured_media_url":"https:\/\/notinor.com\/jujuy\/wp-content\/uploads\/2018\/04\/TECCHI-SLAVUTSKY.jpg","jetpack_publicize_connections":[],"_links":{"self":[{"href":"https:\/\/notinor.com\/jujuy\/wp-json\/wp\/v2\/posts\/169676"}],"collection":[{"href":"https:\/\/notinor.com\/jujuy\/wp-json\/wp\/v2\/posts"}],"about":[{"href":"https:\/\/notinor.com\/jujuy\/wp-json\/wp\/v2\/types\/post"}],"author":[{"embeddable":true,"href":"https:\/\/notinor.com\/jujuy\/wp-json\/wp\/v2\/users\/1"}],"replies":[{"embeddable":true,"href":"https:\/\/notinor.com\/jujuy\/wp-json\/wp\/v2\/comments?post=169676"}],"version-history":[{"count":1,"href":"https:\/\/notinor.com\/jujuy\/wp-json\/wp\/v2\/posts\/169676\/revisions"}],"predecessor-version":[{"id":169678,"href":"https:\/\/notinor.com\/jujuy\/wp-json\/wp\/v2\/posts\/169676\/revisions\/169678"}],"wp:featuredmedia":[{"embeddable":true,"href":"https:\/\/notinor.com\/jujuy\/wp-json\/wp\/v2\/media\/169677"}],"wp:attachment":[{"href":"https:\/\/notinor.com\/jujuy\/wp-json\/wp\/v2\/media?parent=169676"}],"wp:term":[{"taxonomy":"category","embeddable":true,"href":"https:\/\/notinor.com\/jujuy\/wp-json\/wp\/v2\/categories?post=169676"},{"taxonomy":"post_tag","embeddable":true,"href":"https:\/\/notinor.com\/jujuy\/wp-json\/wp\/v2\/tags?post=169676"}],"curies":[{"name":"wp","href":"https:\/\/api.w.org\/{rel}","templated":true}]}}