{"id":169672,"date":"2018-04-17T08:59:40","date_gmt":"2018-04-17T11:59:40","guid":{"rendered":"http:\/\/notinor.com\/jujuy\/?p=169672"},"modified":"2018-04-17T08:59:40","modified_gmt":"2018-04-17T11:59:40","slug":"por-primera-vez-en-decadas-los-cubanos-podran-elegir-a-alguien-que-no-sea-un-castro","status":"publish","type":"post","link":"https:\/\/notinor.com\/jujuy\/por-primera-vez-en-decadas-los-cubanos-podran-elegir-a-alguien-que-no-sea-un-castro\/","title":{"rendered":"Por primera vez en d\u00e9cadas, los cubanos podr\u00e1n elegir a alguien que no sea un Castro"},"content":{"rendered":"<p><img decoding=\"async\" loading=\"lazy\" class=\"alignnone size-medium wp-image-169673\" src=\"http:\/\/notinor.com\/jujuy\/wp-content\/uploads\/2018\/04\/SE-VA-RAUL-CASTRO-660x330.jpg\" alt=\"\" width=\"660\" height=\"330\" srcset=\"https:\/\/notinor.com\/jujuy\/wp-content\/uploads\/2018\/04\/SE-VA-RAUL-CASTRO-660x330.jpg 660w, https:\/\/notinor.com\/jujuy\/wp-content\/uploads\/2018\/04\/SE-VA-RAUL-CASTRO-768x384.jpg 768w, https:\/\/notinor.com\/jujuy\/wp-content\/uploads\/2018\/04\/SE-VA-RAUL-CASTRO-840x420.jpg 840w, https:\/\/notinor.com\/jujuy\/wp-content\/uploads\/2018\/04\/SE-VA-RAUL-CASTRO.jpg 1280w\" sizes=\"(max-width: 660px) 100vw, 660px\" \/><\/p>\n<p>&nbsp;<\/p>\n<p>&nbsp;<\/p>\n<p>En 2008, Ra\u00fal Castro se hizo cargo de un pa\u00eds en el que poca gente ten\u00eda computadoras o celulares, del que sus ciudadanos s\u00f3lo pod\u00edan salir al extranjero con un permiso especial y era dif\u00edcil para cualquiera iniciar un negocio propio.<\/p>\n<p>Una d\u00e9cada despu\u00e9s, s\u00f3lo basta caminar por las calles de Cuba para ver el cambio dram\u00e1tico operado: hay miles de peque\u00f1os comercios, cafeter\u00edas, casas para alojar turistas, carteles de venta de viviendas y ofertas de productos del agro para beneficiarios de tierras en usufructo, mientras millones de personas se comunican con familiares y amigos en el exterior mediante un sistema de wifi p\u00fablico, limitado pero accesible.<\/p>\n<p>Adem\u00e1s, desde que el mandatario cubano y su colega Barack Obama restablecieron relaciones diplom\u00e1ticas en 2015, una parte no especificada de la deuda externa de la isla fue condonada o reestructurada y el n\u00famero de turistas se duplic\u00f3 hasta alcanzar unos cinco millones de visitantes al a\u00f1o.<\/p>\n<p>Castro ser\u00e1 recordado porque se atrevi\u00f3 a romper el estigma de la iniciativa privada como incompatible con el sistema socialista cubano y permiti\u00f3 a partir del 2010 un incipiente mercado laboral independiente del Estado, que en tiempos de su hermano el fallecido Fidel hubiera sido impensable.<\/p>\n<p>Aunque visiblemente los cambios son muchos, algunos de ellos parecen detenidos desde hace unos meses. Otros fueron menores a lo que se esperaba: la empresa peque\u00f1a y mediana, por ejemplo, no se legaliz\u00f3; sigue sin abrirse un verdadero mercado mayorista, los emprendedores no cuentan con facilidades y la entrega de algunas licencias se congelaron en agosto a la espera de nuevas regulaciones para el sector no estatal que nadie sabe a ciencia cierta en qu\u00e9 consistir\u00e1n.<\/p>\n<p>\"Econ\u00f3micamente hemos levantado\", dijo Yanelis Garc\u00eda, una madre de tres hijos que en los \u00faltimos a\u00f1os comenz\u00f3 a ahorrar dinero con la cr\u00eda de cerdos hasta construir un hostal de seis habitaciones en la ciudad de Santa Clara. \"La parte que no nos cumpli\u00f3 (Ra\u00fal Castro) fue por ejemplo...un mercado mayorista, a donde pudieras tener lo que te hac\u00eda falta\".<\/p>\n<p>Garc\u00eda y los otros emprendedores deben conseguir sus insumos en los mercados minoristas estatales de los que tambi\u00e9n se surte la poblaci\u00f3n, generando para ella gastos adicionales y para las personas desabastecimiento provocado por los peque\u00f1os empresarios que suelen arrasar con la mercanc\u00eda, sobre todo bebidas y alimentos.<\/p>\n<p>Pero, animada por el crecimiento que vislumbr\u00f3, Garc\u00eda incluso pidi\u00f3 y obtuvo a inicios del a\u00f1o pasado un cr\u00e9dito bancario, y comenz\u00f3 a construir un bar en su azotea. Ahora, sin embargo, prefiere no terminarlo ante el temor de las nuevas regulaciones prometidas, las cuales podr\u00edan ser m\u00e1s restrictivas, seg\u00fan algunos indicios gubernamentales.<\/p>\n<p>En diciembre pasado el vicepresidente Marino Murillo dej\u00f3 entrever que solo se permitir\u00e1 una licencia por persona, por lo que personas como Garc\u00eda se ver\u00edan imposibilitadas de rentar habitaciones y tener un bar.<\/p>\n<p>Y aunque es indudable la incipiente apertura a la iniciativa privada, la realidad es que el Estado a\u00fan centraliza buena parte de las actividades econ\u00f3micas: todav\u00eda emplea a tres de cuatro personas en la isla y los salarios gubernamentales son bajos, equivalente a unos 30 d\u00f3lares mensuales, por lo que muchos trabajadores desv\u00edan mercanc\u00edas bajo su cuidado para revenderlas en el mercado negro, mientras que familias enteras viven de las remesas que les env\u00edan sobre todo desde Estados Unidos y Europa.<\/p>\n<p>Castro mismo exhort\u00f3 en diversas ocasiones a sus funcionarios a cambiar de mentalidad, a deshacerse de los prejuicios contra la empresa privada, y a entender que el modelo socialista necesita ser renovado para no perecer. Sin embargo, tambi\u00e9n calm\u00f3 las cr\u00edticas de quienes le urg\u00edan a ir m\u00e1s r\u00e1pido, explicando que la revoluci\u00f3n no pude darse el lujo de aplicar medidas de ajustes r\u00e1pidos que den al traste con la protecci\u00f3n social a los sectores m\u00e1s vulnerables.<\/p>\n<p>La enorme burocracia muchas veces siente que los cambios que benefician a unos 600.000 emprendedores (en un mercado laboral con una poblaci\u00f3n econ\u00f3micamente activa de 4,6 millones) ponen en riego sus privilegios, pues los nuevos \"empresarios\" suelen competir con los servicios que antes prestaba el Estado.<\/p>\n<p>\"Nadie se atreve desobedecer frontalmente a Ra\u00fal. Calladamente no cumplen y buscan la forma de cubrirse las espaldas para que nadie los pueda acusar de que ellos son los que est\u00e1n incumpliendo\", dijo Yassel Padr\u00f3n Kunakbaeva, un blogger que escribe frecuentemente en un portal que lo describe como de marxista.<\/p>\n<p>Tras caer en recesi\u00f3n de 2016, el crecimiento de la isla en 2017 fue de apenas 1,6% el a\u00f1o pasado. Mientras, miles de profesionales altamente cualificados abandonan la isla cada a\u00f1o, con lo cual quedan cada vez m\u00e1s ancianos que generan nuevos desaf\u00edos sociales y de salud en una econom\u00eda pobre.<\/p>\n<p>\"Las personas en Cuba no han procesado realmente todav\u00eda lo que significa un gobierno sin la figura de Ra\u00fal o de Fidel\", agreg\u00f3 Padr\u00f3n. \"Estamos en tierra desconocida\".<\/p>\n<p>En lo pol\u00edtico, Cuba contin\u00faa teniendo un modelo de partido \u00fanico (que no parece destinado a cambiar en lo inmediato) con un fuerte control sobre las organizaciones sociales y poca tolerancia a los grupos disidentes que no tienen estatus legal, a los cuales las autoridades califican de \"mercenarios\" al servicio de grupos de inter\u00e9s en Estados Unidos y Europa con el objetivo de destruir a la revoluci\u00f3n.<\/p>\n<p>Los problemas que enfrentar\u00e1 el sucesor de Castro son muchos y profundos.<\/p>\n<p>\"El futuro pol\u00edtico de quien quiera que sea (presidente) en abril pasa por la cuesti\u00f3n econ\u00f3mica\", dijo Jos\u00e9 Viera, un ex viceministro de Relaciones Exteriores. \"Significa aumentos en el salario, la posibilidad de adquirir los bienes que se necesiten... la posibilidad de los j\u00f3venes de so\u00f1ar, de dise\u00f1arse un futuro, que est\u00e1 todo basado en la riqueza material que el pa\u00eds logre conseguir\".<\/p>\n<p>Entre los desaf\u00edos inmediatos para el sucesor de Castro, que muchos creen ser\u00e1 el vicepresidente Miguel D\u00edaz-Canel, est\u00e1 el deshacer el complejo sistema de dos monedas que circula en el pa\u00eds y que hace que las mayor\u00eda de las personas deban pagar bienes en una (pesos convertibles) y reciban sus salarios en otra (peso cubano)<\/p>\n<p>En los a\u00f1os '90 se cre\u00f3 el doble sistema y desde entonces circulan pesos cubanos (regularmente usado por los habitantes de la isla para cubrir parte de sus necesidades b\u00e1sicas) y convertibles (equivalente cada uno a 24 pesos cubanos) que suelen utilizar los extranjeros y la poblaci\u00f3n para completar sus insumos familiares.<\/p>\n<p>Castro reconoci\u00f3 varias veces las dificultades de la doble moneda (ambas emitidas por el Estado), pero nunca logr\u00f3 la unificaci\u00f3n que conlleva riesgos como la inflaci\u00f3n o medidas que puedan perjudicar a los sectores m\u00e1s vulnerables.<\/p>\n<p>\"Pienso que en el futuro habr\u00e1 m\u00e1s transformaciones. Habr\u00e1 que ampliar m\u00e1s el cuentapropismo (el auto empleo)\", reflexion\u00f3 la contadora Norma Chiang. \"Hay cosas peque\u00f1as que pueden estar en manos de particulares... como las panader\u00edas o quioscos, representan poco para el Estado\".<\/p>\n<p>Adem\u00e1s, el nuevo presidente deber\u00e1 encontrar la manera de hacer crecer la econom\u00eda manteniendo la estabilidad en un modelo socialista que cada vez tiene menos subsidios a la alimentaci\u00f3n y hay deficiencias en sectores importantes como la salud y la educaci\u00f3n.<\/p>\n<p>\"Los precios no se corresponden con los salarios. Con 500 pesos (unos 20 d\u00f3lares) no puedo comer, vestirme y vivir\", coment\u00f3 la empleada Adela Arpej\u00f3n. \"O como y no me visto o no como\".<\/p>\n<p>Como parte de sus reformas, Castro modific\u00f3 la relaci\u00f3n con la di\u00e1spora al permitir que los cubanos puedan salir sin permiso y quedarse dos a\u00f1os fuera del pa\u00eds sin perder sus derechos civiles y de seguridad social. Asimismo, ofreci\u00f3 facilidades para las repatriaciones.<\/p>\n<p>M\u00e1s de 20.000 cubanos se repatriaron y cientos de miles viajaron a diferentes pa\u00edses para visitar familias, trabajar temporalmente o realizar compras de productos que luego revenden en la isla.<\/p>\n<p>El sucesor de Castro tendr\u00e1 que manejar con cuidado la delicada relaci\u00f3n con los emigrados en momentos en que las relaciones con Estados Unidos (donde vive la mayor comunidad de cubanos, unos dos millones) se encuentra en tensi\u00f3n, luego de que al asumir la presidencia Donald Trump se replanteara volver atr\u00e1s en el acercamiento iniciado por Obama.<\/p>\n<p>Para Reinaldo Taladrid, un comentarista de la televisi\u00f3n estatal cubana, las tensiones con Estados Unidos servir\u00e1n como freno a cualquier reforma que busque el sucesor de Ra\u00fal Castro.<\/p>\n<p>\"Tienes al pa\u00eds m\u00e1s poderoso del mundo, el gobierno m\u00e1s poderosa en la historia de la humanidad que tiene como pol\u00edtica cambio de r\u00e9gimen en Cuba\", explic\u00f3 Taladrid.<\/p>\n<p>Para el comentarista, mientras la isla se sienta \"sitiada\" por Washington, las autoridades revolucionarias estar\u00e1n cerradas a cambios que puedan parecer concesiones a Estados Unidos y contar\u00e1 con el apoyo popular en una naci\u00f3n con un fuerte sentimiento patri\u00f3tico.<\/p>\n","protected":false},"excerpt":{"rendered":"<p>&nbsp; &nbsp; En 2008, Ra\u00fal Castro se hizo cargo de un pa\u00eds en el que poca gente ten\u00eda computadoras o celulares, del que sus ciudadanos s\u00f3lo pod\u00edan salir al extranjero con un permiso especial y era dif\u00edcil para cualquiera iniciar un negocio propio. Una d\u00e9cada despu\u00e9s, s\u00f3lo basta caminar por las calles de Cuba para [&hellip;]<\/p>\n","protected":false},"author":1,"featured_media":169673,"comment_status":"open","ping_status":"open","sticky":false,"template":"","format":"standard","meta":{"_stopmodifiedupdate":false,"_modified_date":"","inline_featured_image":false,"spay_email":"","jetpack_publicize_message":""},"categories":[6],"tags":[],"jetpack_featured_media_url":"https:\/\/notinor.com\/jujuy\/wp-content\/uploads\/2018\/04\/SE-VA-RAUL-CASTRO.jpg","jetpack_publicize_connections":[],"_links":{"self":[{"href":"https:\/\/notinor.com\/jujuy\/wp-json\/wp\/v2\/posts\/169672"}],"collection":[{"href":"https:\/\/notinor.com\/jujuy\/wp-json\/wp\/v2\/posts"}],"about":[{"href":"https:\/\/notinor.com\/jujuy\/wp-json\/wp\/v2\/types\/post"}],"author":[{"embeddable":true,"href":"https:\/\/notinor.com\/jujuy\/wp-json\/wp\/v2\/users\/1"}],"replies":[{"embeddable":true,"href":"https:\/\/notinor.com\/jujuy\/wp-json\/wp\/v2\/comments?post=169672"}],"version-history":[{"count":1,"href":"https:\/\/notinor.com\/jujuy\/wp-json\/wp\/v2\/posts\/169672\/revisions"}],"predecessor-version":[{"id":169674,"href":"https:\/\/notinor.com\/jujuy\/wp-json\/wp\/v2\/posts\/169672\/revisions\/169674"}],"wp:featuredmedia":[{"embeddable":true,"href":"https:\/\/notinor.com\/jujuy\/wp-json\/wp\/v2\/media\/169673"}],"wp:attachment":[{"href":"https:\/\/notinor.com\/jujuy\/wp-json\/wp\/v2\/media?parent=169672"}],"wp:term":[{"taxonomy":"category","embeddable":true,"href":"https:\/\/notinor.com\/jujuy\/wp-json\/wp\/v2\/categories?post=169672"},{"taxonomy":"post_tag","embeddable":true,"href":"https:\/\/notinor.com\/jujuy\/wp-json\/wp\/v2\/tags?post=169672"}],"curies":[{"name":"wp","href":"https:\/\/api.w.org\/{rel}","templated":true}]}}