{"id":169663,"date":"2018-04-17T08:48:15","date_gmt":"2018-04-17T11:48:15","guid":{"rendered":"http:\/\/notinor.com\/jujuy\/?p=169663"},"modified":"2018-04-17T08:48:15","modified_gmt":"2018-04-17T11:48:15","slug":"incendian-16-camiones-en-otro-ataque-atribuido-a-mapuches","status":"publish","type":"post","link":"https:\/\/notinor.com\/jujuy\/incendian-16-camiones-en-otro-ataque-atribuido-a-mapuches\/","title":{"rendered":"Incendian 16 camiones en otro ataque atribuido a mapuches"},"content":{"rendered":"<p><img decoding=\"async\" loading=\"lazy\" class=\"alignnone size-medium wp-image-169664\" src=\"http:\/\/notinor.com\/jujuy\/wp-content\/uploads\/2018\/04\/CAMIONES-INCENDIADOS-660x316.jpeg\" alt=\"\" width=\"660\" height=\"316\" srcset=\"https:\/\/notinor.com\/jujuy\/wp-content\/uploads\/2018\/04\/CAMIONES-INCENDIADOS-660x316.jpeg 660w, https:\/\/notinor.com\/jujuy\/wp-content\/uploads\/2018\/04\/CAMIONES-INCENDIADOS.jpeg 730w\" sizes=\"(max-width: 660px) 100vw, 660px\" \/><\/p>\n<p>Un nuevo ataque incendiario ocurrido en la comuna de Vilc\u00fan, 700 kil\u00f3metros al sur de Santiago de Chile, afect\u00f3 a 16 camiones en la madrugada del lunes, que resultaron quemados por un grupo de unos 10 encapuchados.<\/p>\n<p>El gobernador de la provincia de Caut\u00edn, Mauricio Ojeda, declar\u00f3 a radio Cooperativa que en la zona se encontr\u00f3 \"un panfleto adjudic\u00e1ndose la Coordinadora Arauco Malleco (CAM) este ataque incendiario\".<\/p>\n<p>La CAM es una organizaci\u00f3n mapuche sospechosa de estar detr\u00e1s de varios ataques incendiarios en la Regi\u00f3n de La Araucan\u00eda.<\/p>\n<p>En dicho panfleto se mencionaba al machi Celestino C\u00f3rdova, activista mapuche que se encuentra encarcelado en Temuco tras ser declarado culpable de la muerte del matrimonio Luchsinger-Mackay en otro ataque incendiario sucedido en 2013, y que se encuentra en huelga de hambre desde hace m\u00e1s de 80 d\u00edas.<\/p>\n<p>Seg\u00fan el gobernador Ojeda, el guardia de seguridad del recinto que result\u00f3 incendiado \"logr\u00f3 ver entre ocho a 10 encapuchados que llegaron disparando para luego incendiar la maquinaria\".<\/p>\n<p>Los da\u00f1os son solamente materiales, y actualmente contin\u00faan las investigaciones para encontrar a los culpables del ataque incendiario.<\/p>\n<p>En el sur de Chile existe desde hace d\u00e9cadas un conflicto entre algunas comunidades mapuches que reclaman la propiedad de tierras ancestrales y las empresas privadas que las poseen legalmente, situaci\u00f3n que deriv\u00f3 en los \u00faltimos a\u00f1os en la muerte de varios comuneros, polic\u00edas y agricultores.<\/p>\n","protected":false},"excerpt":{"rendered":"<p>Un nuevo ataque incendiario ocurrido en la comuna de Vilc\u00fan, 700 kil\u00f3metros al sur de Santiago de Chile, afect\u00f3 a 16 camiones en la madrugada del lunes, que resultaron quemados por un grupo de unos 10 encapuchados. El gobernador de la provincia de Caut\u00edn, Mauricio Ojeda, declar\u00f3 a radio Cooperativa que en la zona se [&hellip;]<\/p>\n","protected":false},"author":1,"featured_media":169664,"comment_status":"open","ping_status":"open","sticky":false,"template":"","format":"standard","meta":{"_stopmodifiedupdate":false,"_modified_date":"","inline_featured_image":false,"spay_email":"","jetpack_publicize_message":""},"categories":[6],"tags":[],"jetpack_featured_media_url":"https:\/\/notinor.com\/jujuy\/wp-content\/uploads\/2018\/04\/CAMIONES-INCENDIADOS.jpeg","jetpack_publicize_connections":[],"_links":{"self":[{"href":"https:\/\/notinor.com\/jujuy\/wp-json\/wp\/v2\/posts\/169663"}],"collection":[{"href":"https:\/\/notinor.com\/jujuy\/wp-json\/wp\/v2\/posts"}],"about":[{"href":"https:\/\/notinor.com\/jujuy\/wp-json\/wp\/v2\/types\/post"}],"author":[{"embeddable":true,"href":"https:\/\/notinor.com\/jujuy\/wp-json\/wp\/v2\/users\/1"}],"replies":[{"embeddable":true,"href":"https:\/\/notinor.com\/jujuy\/wp-json\/wp\/v2\/comments?post=169663"}],"version-history":[{"count":1,"href":"https:\/\/notinor.com\/jujuy\/wp-json\/wp\/v2\/posts\/169663\/revisions"}],"predecessor-version":[{"id":169665,"href":"https:\/\/notinor.com\/jujuy\/wp-json\/wp\/v2\/posts\/169663\/revisions\/169665"}],"wp:featuredmedia":[{"embeddable":true,"href":"https:\/\/notinor.com\/jujuy\/wp-json\/wp\/v2\/media\/169664"}],"wp:attachment":[{"href":"https:\/\/notinor.com\/jujuy\/wp-json\/wp\/v2\/media?parent=169663"}],"wp:term":[{"taxonomy":"category","embeddable":true,"href":"https:\/\/notinor.com\/jujuy\/wp-json\/wp\/v2\/categories?post=169663"},{"taxonomy":"post_tag","embeddable":true,"href":"https:\/\/notinor.com\/jujuy\/wp-json\/wp\/v2\/tags?post=169663"}],"curies":[{"name":"wp","href":"https:\/\/api.w.org\/{rel}","templated":true}]}}