{"id":169657,"date":"2018-04-17T08:27:15","date_gmt":"2018-04-17T11:27:15","guid":{"rendered":"http:\/\/notinor.com\/jujuy\/?p=169657"},"modified":"2018-04-17T08:27:15","modified_gmt":"2018-04-17T11:27:15","slug":"la-coalicion-pj-massismo-marca-la-agenda-para-frenar-los-tarifazos","status":"publish","type":"post","link":"https:\/\/notinor.com\/jujuy\/la-coalicion-pj-massismo-marca-la-agenda-para-frenar-los-tarifazos\/","title":{"rendered":"La coalici\u00f3n PJ - massismo marca la agenda para frenar los tarifazos"},"content":{"rendered":"<p><img decoding=\"async\" loading=\"lazy\" class=\"alignnone size-medium wp-image-169658\" src=\"http:\/\/notinor.com\/jujuy\/wp-content\/uploads\/2018\/04\/massa-pichetto-569x365.jpg\" alt=\"\" width=\"569\" height=\"365\" srcset=\"https:\/\/notinor.com\/jujuy\/wp-content\/uploads\/2018\/04\/massa-pichetto-569x365.jpg 569w, https:\/\/notinor.com\/jujuy\/wp-content\/uploads\/2018\/04\/massa-pichetto.jpg 642w\" sizes=\"(max-width: 569px) 100vw, 569px\" \/><\/p>\n<p>&nbsp;<\/p>\n<p>El Gobierno tiene otro problema en el Congreso: todos los bloques opositores de Diputados presionan para frenar los aumentos de tarifas de servicios p\u00fablicos y podr\u00edan dar el primer paso el mi\u00e9rcoles.<\/p>\n<p>Para ese d\u00eda a las 11 el kirchnerismo (bloque FpV-PJ) convoc\u00f3 a una sesi\u00f3n especial y oblig\u00f3 a Emilio Monz\u00f3 a sacar expedientes del caj\u00f3n y evaluar otro llamado para una hora m\u00e1s tarde.<\/p>\n<p>Lo alter\u00f3 un dato: mientras los cristinistas diagramaban una sesi\u00f3n con la consigna de \"congelar y retrotraer tarifas\", los referentes del Frente Renovador y Argentina Federal (la fuerza de los gobernadores) comenzaron a redactar un proyecto que propone indexar los aumentos de servicios al Coeficiente de Variaci\u00f3n Salarial (CVS).<\/p>\n<p>\"Vamos a pedir cumplir el fallo de la Corte Suprema de 2016 e impedir aumentos que superen el promedio de las subas salariales\", anticip\u00f3 Sergio Ziliotto, diputado del bloque Justicialista, principal fuerza de Argentina Federal.<\/p>\n<p>Se refiere al fallo que en 2016 oblig\u00f3 a Juan Jos\u00e9 Aranguren a retrotraer los aumentos de gas y entre los argumentos de los supremos estuvo el de garantizar tarifas \"justas\" y \"razonables\".<\/p>\n<p>\"La \u00fanica manera de lograrlas es indexando los incrementos al CVS\", insisti\u00f3 Ziliotto, una propuesta que ya hab\u00eda realizado el Frente Renovador, que lider\u00f3 la pelea contra Aranguren en los \u00faltimos a\u00f1os desde la Comisi\u00f3n de Defensa del Consumidor, presidida por Liliana Schwindt.<\/p>\n<p>Este a\u00f1o la relev\u00f3 Marcela Passo, tambi\u00e9n del bloque identificado con Sergio Massa. \"Desde el 2016 el Frente Renovador viene diciendo que la Corte se ha referido a la proporcionalidad y a la razonabilidad de los aumentos, que no pueden estar por encima de los que gana de sueldo una persona. De lo contrario, es confiscatorio\", se\u00f1al\u00f3 Graciela Cama\u00f1o, jefa de los renovadores.<\/p>\n<p>As\u00ed las cosas, este martes massistas y peronistas dialoguistas, que confluyeron en un espacio pol\u00edtico para 2019, pulir\u00e1n los detalles de un proyecto para enganchar tarifazos a CVS y el kirchnerismo podr\u00eda agregarlo al temario de su sesi\u00f3n, con la expectativa de alcanzar el qu\u00f3rum.<\/p>\n<p>\"No descartamos sumarnos, porque queremos abordar el tema\", anticip\u00f3 Ziliotto. Si toda la oposici\u00f3n se junta puede llegar a la mayor\u00eda y para evitarlo pronto empezar\u00e1n los telefonazos de Monz\u00f3, Rogelio Frigerio y Sebasti\u00e1n Garc\u00eda De Luca.<\/p>\n<p>En paralelo, Silvia Lospennato, brazo operativo de Cambiemos en Diputados, negociar\u00e1 con la oposici\u00f3n una sesi\u00f3n con temas pendientes para evitar que sus pares deban bajar al recinto s\u00f3lo para defender a Aranguren.<\/p>\n<p>Es impensado pedirles algo as\u00ed, cuando ya hay voces oficiales contra el ministro como la de Elisa Carri\u00f3, que amenaza con presentar un proyecto de resoluci\u00f3n para pedirle informaci\u00f3n a Aranguren.<\/p>\n<p>Molesta a Mauricio Macri, pero no asusta a sus compa\u00f1eros macristas. \"Nunca votar\u00e1 junto al kirchnerismo\", conf\u00edan.<\/p>\n<p>La UCR tampoco present\u00f3 proyectos pero Alfredo Cornejo, presidente del partido, no se cansa de criticar a Aranguren. Los conducidos por Mario Negri dec\u00edan este lunes que el gobernador de Mendoza trabaja en un pronunciamiento oficial junto a Jorge Lape\u00f1a.<\/p>\n<p>El ex secretario de Energ\u00eda fue hasta hace poco director de Enarsa, pero se fue tras criticar la venta de Transener impulsada por Aranguren. Cornejo lo respald\u00f3 y abri\u00f3 su primera grieta con Macri.<\/p>\n<p>El tema tarifazos seguir\u00e1 el jueves a las 19 con la \"Marcha de las velas\", que partir\u00e1 en el Congreso y tendr\u00e1 la participaci\u00f3n de Pablo Moyano y sectores de la CTA. Ma\u00f1ana se reunir\u00e1n con los diputados kirchneristas, para ultimar detalles. Es el tema de la semana.<\/p>\n","protected":false},"excerpt":{"rendered":"<p>&nbsp; El Gobierno tiene otro problema en el Congreso: todos los bloques opositores de Diputados presionan para frenar los aumentos de tarifas de servicios p\u00fablicos y podr\u00edan dar el primer paso el mi\u00e9rcoles. Para ese d\u00eda a las 11 el kirchnerismo (bloque FpV-PJ) convoc\u00f3 a una sesi\u00f3n especial y oblig\u00f3 a Emilio Monz\u00f3 a sacar [&hellip;]<\/p>\n","protected":false},"author":1,"featured_media":169658,"comment_status":"open","ping_status":"open","sticky":false,"template":"","format":"standard","meta":{"_stopmodifiedupdate":false,"_modified_date":"","inline_featured_image":false,"spay_email":"","jetpack_publicize_message":""},"categories":[5,501],"tags":[],"jetpack_featured_media_url":"https:\/\/notinor.com\/jujuy\/wp-content\/uploads\/2018\/04\/massa-pichetto.jpg","jetpack_publicize_connections":[],"_links":{"self":[{"href":"https:\/\/notinor.com\/jujuy\/wp-json\/wp\/v2\/posts\/169657"}],"collection":[{"href":"https:\/\/notinor.com\/jujuy\/wp-json\/wp\/v2\/posts"}],"about":[{"href":"https:\/\/notinor.com\/jujuy\/wp-json\/wp\/v2\/types\/post"}],"author":[{"embeddable":true,"href":"https:\/\/notinor.com\/jujuy\/wp-json\/wp\/v2\/users\/1"}],"replies":[{"embeddable":true,"href":"https:\/\/notinor.com\/jujuy\/wp-json\/wp\/v2\/comments?post=169657"}],"version-history":[{"count":1,"href":"https:\/\/notinor.com\/jujuy\/wp-json\/wp\/v2\/posts\/169657\/revisions"}],"predecessor-version":[{"id":169659,"href":"https:\/\/notinor.com\/jujuy\/wp-json\/wp\/v2\/posts\/169657\/revisions\/169659"}],"wp:featuredmedia":[{"embeddable":true,"href":"https:\/\/notinor.com\/jujuy\/wp-json\/wp\/v2\/media\/169658"}],"wp:attachment":[{"href":"https:\/\/notinor.com\/jujuy\/wp-json\/wp\/v2\/media?parent=169657"}],"wp:term":[{"taxonomy":"category","embeddable":true,"href":"https:\/\/notinor.com\/jujuy\/wp-json\/wp\/v2\/categories?post=169657"},{"taxonomy":"post_tag","embeddable":true,"href":"https:\/\/notinor.com\/jujuy\/wp-json\/wp\/v2\/tags?post=169657"}],"curies":[{"name":"wp","href":"https:\/\/api.w.org\/{rel}","templated":true}]}}