{"id":16587,"date":"2015-02-17T00:02:25","date_gmt":"2015-02-17T03:02:25","guid":{"rendered":"http:\/\/notinor.com\/jujuy\/?p=16587"},"modified":"2015-02-16T21:22:48","modified_gmt":"2015-02-17T00:22:48","slug":"segun-una-encuesta-mas-del-80-de-la-sociedad-apoya-la-marcha-del-18f","status":"publish","type":"post","link":"https:\/\/notinor.com\/jujuy\/segun-una-encuesta-mas-del-80-de-la-sociedad-apoya-la-marcha-del-18f\/","title":{"rendered":"Seg\u00fan una encuesta, m\u00e1s del 80% de la sociedad apoya la marcha del #18F"},"content":{"rendered":"<p>M\u00e1s del 80% de la poblaci\u00f3n est\u00e1 de acuerdo con la marcha de silencio del pr\u00f3ximo 18 de febrero para reclamar justicia tras la muerte del fiscal Alberto Nisman. As\u00ed se desprende de una encuesta realizada en la Capital Federal, el Gran Buenos Aires y 18 ciudades del interior del pa\u00eds por la consultora Polldata.<\/p>\n<p>Concretamente, el 80,2% de los consultados aprueba la realizaci\u00f3n de la marcha del #18F, m\u00e1s all\u00e1 de que concurra o no, el 16,7% la desaprueba y el 3,1% evit\u00f3 responder.<\/p>\n<p><a href=\"http:\/\/notinor.com\/jujuy\/wp-content\/uploads\/2015\/02\/encuesta-pd-1.jpg\"><img decoding=\"async\" loading=\"lazy\" class=\"alignnone size-medium wp-image-16588\" src=\"http:\/\/notinor.com\/jujuy\/wp-content\/uploads\/2015\/02\/encuesta-pd-1-300x167.jpg\" alt=\"encuesta pd 1\" width=\"300\" height=\"167\" srcset=\"https:\/\/notinor.com\/jujuy\/wp-content\/uploads\/2015\/02\/encuesta-pd-1-300x167.jpg 300w, https:\/\/notinor.com\/jujuy\/wp-content\/uploads\/2015\/02\/encuesta-pd-1-199x112.jpg 199w, https:\/\/notinor.com\/jujuy\/wp-content\/uploads\/2015\/02\/encuesta-pd-1.jpg 652w\" sizes=\"(max-width: 300px) 100vw, 300px\" \/><\/a><\/p>\n<p>Por otro lado, el relevamiento muestra el impacto que la muerte de Nisman tuvo en la imagen del Gobierno. En ese sentido, el 63,9% de los encuestados desaprueba la gesti\u00f3n de Cristina Kirchner, mientras que el 27,6% respald\u00f3 su actuaci\u00f3n y el 8,5% no se pronunci\u00f3 al respecto.<\/p>\n<p><a href=\"http:\/\/notinor.com\/jujuy\/wp-content\/uploads\/2015\/02\/encuesta-pd-2.jpg\"><img decoding=\"async\" loading=\"lazy\" class=\"alignnone size-medium wp-image-16589\" src=\"http:\/\/notinor.com\/jujuy\/wp-content\/uploads\/2015\/02\/encuesta-pd-2-300x176.jpg\" alt=\"encuesta pd 2\" width=\"300\" height=\"176\" srcset=\"https:\/\/notinor.com\/jujuy\/wp-content\/uploads\/2015\/02\/encuesta-pd-2-300x176.jpg 300w, https:\/\/notinor.com\/jujuy\/wp-content\/uploads\/2015\/02\/encuesta-pd-2.jpg 646w\" sizes=\"(max-width: 300px) 100vw, 300px\" \/><\/a><\/p>\n<p>El estudio tambi\u00e9n midi\u00f3 la intenci\u00f3n de voto a Presidente si las elecciones fueran hoy. La lista la encabeza Sergio Massa, con el 27,9%, seguido por Mauricio Macri (23,1%), Daniel Scioli (22,7%), Julio Cobos (7,5%) y Jorge Altamira (2,3%).<\/p>\n<p><a href=\"http:\/\/notinor.com\/jujuy\/wp-content\/uploads\/2015\/02\/encuesta-pd-3.jpg\"><img decoding=\"async\" loading=\"lazy\" class=\"alignnone size-medium wp-image-16590\" src=\"http:\/\/notinor.com\/jujuy\/wp-content\/uploads\/2015\/02\/encuesta-pd-3-300x165.jpg\" alt=\"encuesta pd 3\" width=\"300\" height=\"165\" srcset=\"https:\/\/notinor.com\/jujuy\/wp-content\/uploads\/2015\/02\/encuesta-pd-3-300x165.jpg 300w, https:\/\/notinor.com\/jujuy\/wp-content\/uploads\/2015\/02\/encuesta-pd-3.jpg 669w\" sizes=\"(max-width: 300px) 100vw, 300px\" \/><\/a><\/p>\n<p>La encuesta contempl\u00f3 1.505 casos y se realiz\u00f3 de manera telef\u00f3nica, con el sistema IVR (Interactive Voice Response). Los encuestados son de ambos sexos, de 18 a 75 a\u00f1os, residentes y en condiciones de votar.<\/p>\n","protected":false},"excerpt":{"rendered":"<p>M\u00e1s del 80% de la poblaci\u00f3n est\u00e1 de acuerdo con la marcha de silencio del pr\u00f3ximo 18 de febrero para reclamar justicia tras la muerte del fiscal Alberto Nisman. As\u00ed se desprende de una encuesta realizada en la Capital Federal, el Gran Buenos Aires y 18 ciudades del interior del pa\u00eds por la consultora Polldata. [&hellip;]<\/p>\n","protected":false},"author":1,"featured_media":16591,"comment_status":"open","ping_status":"open","sticky":false,"template":"","format":"standard","meta":{"_stopmodifiedupdate":false,"_modified_date":"","inline_featured_image":false},"categories":[5],"tags":[],"jetpack_featured_media_url":"https:\/\/notinor.com\/jujuy\/wp-content\/uploads\/2015\/02\/18-f-3.jpg","_links":{"self":[{"href":"https:\/\/notinor.com\/jujuy\/wp-json\/wp\/v2\/posts\/16587"}],"collection":[{"href":"https:\/\/notinor.com\/jujuy\/wp-json\/wp\/v2\/posts"}],"about":[{"href":"https:\/\/notinor.com\/jujuy\/wp-json\/wp\/v2\/types\/post"}],"author":[{"embeddable":true,"href":"https:\/\/notinor.com\/jujuy\/wp-json\/wp\/v2\/users\/1"}],"replies":[{"embeddable":true,"href":"https:\/\/notinor.com\/jujuy\/wp-json\/wp\/v2\/comments?post=16587"}],"version-history":[{"count":1,"href":"https:\/\/notinor.com\/jujuy\/wp-json\/wp\/v2\/posts\/16587\/revisions"}],"predecessor-version":[{"id":16592,"href":"https:\/\/notinor.com\/jujuy\/wp-json\/wp\/v2\/posts\/16587\/revisions\/16592"}],"wp:featuredmedia":[{"embeddable":true,"href":"https:\/\/notinor.com\/jujuy\/wp-json\/wp\/v2\/media\/16591"}],"wp:attachment":[{"href":"https:\/\/notinor.com\/jujuy\/wp-json\/wp\/v2\/media?parent=16587"}],"wp:term":[{"taxonomy":"category","embeddable":true,"href":"https:\/\/notinor.com\/jujuy\/wp-json\/wp\/v2\/categories?post=16587"},{"taxonomy":"post_tag","embeddable":true,"href":"https:\/\/notinor.com\/jujuy\/wp-json\/wp\/v2\/tags?post=16587"}],"curies":[{"name":"wp","href":"https:\/\/api.w.org\/{rel}","templated":true}]}}