{"id":16578,"date":"2015-02-17T00:02:20","date_gmt":"2015-02-17T03:02:20","guid":{"rendered":"http:\/\/notinor.com\/jujuy\/?p=16578"},"modified":"2015-02-16T21:08:44","modified_gmt":"2015-02-17T00:08:44","slug":"incendio-en-alto-comedero","status":"publish","type":"post","link":"https:\/\/notinor.com\/jujuy\/incendio-en-alto-comedero\/","title":{"rendered":"INCENDIO EN ALTO COMEDERO"},"content":{"rendered":"<p>Por tal motivo sali\u00f3 un m\u00f3vil con una dotaci\u00f3n hacia el lugar, donde se pudo observar que sal\u00eda humo del interior de una vivienda y que personal del Destacamento Policial de las 18 Hect\u00e1reas trabajaba ya en el lugar en procura de extinguir el incendio.<\/p>\n<p>Seguidamente luego de verificar que en el lugar no pose\u00edan energ\u00eda el\u00e9ctrica, ni gas natural, se procedi\u00f3 a ingresar al domicilio, logr\u00e1ndose controlar el fuego.<\/p>\n<p>Se hace notar que el fuego afect\u00f3 una habitaci\u00f3n destinada a dormitorio, comedor y cocina, dos heladeras, una cocina, una garrafa, un estante con ropa , una cama, una mesa de madera y una silla de madera.<\/p>\n","protected":false},"excerpt":{"rendered":"<p>Por tal motivo sali\u00f3 un m\u00f3vil con una dotaci\u00f3n hacia el lugar, donde se pudo observar que sal\u00eda humo del interior de una vivienda y que personal del Destacamento Policial de las 18 Hect\u00e1reas trabajaba ya en el lugar en procura de extinguir el incendio. Seguidamente luego de verificar que en el lugar no pose\u00edan [&hellip;]<\/p>\n","protected":false},"author":1,"featured_media":7749,"comment_status":"open","ping_status":"open","sticky":false,"template":"","format":"standard","meta":{"_stopmodifiedupdate":false,"_modified_date":"","inline_featured_image":false},"categories":[3],"tags":[],"jetpack_featured_media_url":"https:\/\/notinor.com\/jujuy\/wp-content\/uploads\/2014\/12\/bomberos-jujuy.jpg","_links":{"self":[{"href":"https:\/\/notinor.com\/jujuy\/wp-json\/wp\/v2\/posts\/16578"}],"collection":[{"href":"https:\/\/notinor.com\/jujuy\/wp-json\/wp\/v2\/posts"}],"about":[{"href":"https:\/\/notinor.com\/jujuy\/wp-json\/wp\/v2\/types\/post"}],"author":[{"embeddable":true,"href":"https:\/\/notinor.com\/jujuy\/wp-json\/wp\/v2\/users\/1"}],"replies":[{"embeddable":true,"href":"https:\/\/notinor.com\/jujuy\/wp-json\/wp\/v2\/comments?post=16578"}],"version-history":[{"count":1,"href":"https:\/\/notinor.com\/jujuy\/wp-json\/wp\/v2\/posts\/16578\/revisions"}],"predecessor-version":[{"id":16579,"href":"https:\/\/notinor.com\/jujuy\/wp-json\/wp\/v2\/posts\/16578\/revisions\/16579"}],"wp:featuredmedia":[{"embeddable":true,"href":"https:\/\/notinor.com\/jujuy\/wp-json\/wp\/v2\/media\/7749"}],"wp:attachment":[{"href":"https:\/\/notinor.com\/jujuy\/wp-json\/wp\/v2\/media?parent=16578"}],"wp:term":[{"taxonomy":"category","embeddable":true,"href":"https:\/\/notinor.com\/jujuy\/wp-json\/wp\/v2\/categories?post=16578"},{"taxonomy":"post_tag","embeddable":true,"href":"https:\/\/notinor.com\/jujuy\/wp-json\/wp\/v2\/tags?post=16578"}],"curies":[{"name":"wp","href":"https:\/\/api.w.org\/{rel}","templated":true}]}}