{"id":16570,"date":"2015-02-17T00:00:06","date_gmt":"2015-02-17T03:00:06","guid":{"rendered":"http:\/\/notinor.com\/jujuy\/?p=16570"},"modified":"2015-02-16T21:01:22","modified_gmt":"2015-02-17T00:01:22","slug":"san-francisco-secuestro-de-bienes-de-dudosa-procedencia","status":"publish","type":"post","link":"https:\/\/notinor.com\/jujuy\/san-francisco-secuestro-de-bienes-de-dudosa-procedencia\/","title":{"rendered":"SAN FRANCISCO:  SECUESTRO DE BIENES DE DUDOSA PROCEDENCIA"},"content":{"rendered":"<p>Durante la ma\u00f1ana del domingo, a la hora 9:00 aproximadamente, los efectivos de la mencionada unidad policial al dar cumplimiento directivas de la Fiscal\u00eda de Turno, procedieron al allanamiento de una vivienda ubicada al final de la avenida Oscar Orias, en el barrio San Fco de Alava, donde se procedi\u00f3 al secuestro de tres LCD y cuatro parlantes.<\/p>\n<p>Cabe se\u00f1alar que posteriormente se ubic\u00f3 al propietario de uno de los televisores, mientras que se individualiz\u00f3 a otro damnificado quien el viernes 13 de febrero denunci\u00f3 que le hab\u00edan sustra\u00eddo de su vivienda dos LCDs y cuatro parlantes, reconociendo estos bienes entre los elementos recuperados.<\/p>\n","protected":false},"excerpt":{"rendered":"<p>Durante la ma\u00f1ana del domingo, a la hora 9:00 aproximadamente, los efectivos de la mencionada unidad policial al dar cumplimiento directivas de la Fiscal\u00eda de Turno, procedieron al allanamiento de una vivienda ubicada al final de la avenida Oscar Orias, en el barrio San Fco de Alava, donde se procedi\u00f3 al secuestro de tres LCD [&hellip;]<\/p>\n","protected":false},"author":1,"featured_media":1313,"comment_status":"open","ping_status":"open","sticky":false,"template":"","format":"standard","meta":{"_stopmodifiedupdate":false,"_modified_date":"","inline_featured_image":false},"categories":[3],"tags":[],"jetpack_featured_media_url":"https:\/\/notinor.com\/jujuy\/wp-content\/uploads\/2014\/10\/movil.jpg","_links":{"self":[{"href":"https:\/\/notinor.com\/jujuy\/wp-json\/wp\/v2\/posts\/16570"}],"collection":[{"href":"https:\/\/notinor.com\/jujuy\/wp-json\/wp\/v2\/posts"}],"about":[{"href":"https:\/\/notinor.com\/jujuy\/wp-json\/wp\/v2\/types\/post"}],"author":[{"embeddable":true,"href":"https:\/\/notinor.com\/jujuy\/wp-json\/wp\/v2\/users\/1"}],"replies":[{"embeddable":true,"href":"https:\/\/notinor.com\/jujuy\/wp-json\/wp\/v2\/comments?post=16570"}],"version-history":[{"count":1,"href":"https:\/\/notinor.com\/jujuy\/wp-json\/wp\/v2\/posts\/16570\/revisions"}],"predecessor-version":[{"id":16574,"href":"https:\/\/notinor.com\/jujuy\/wp-json\/wp\/v2\/posts\/16570\/revisions\/16574"}],"wp:featuredmedia":[{"embeddable":true,"href":"https:\/\/notinor.com\/jujuy\/wp-json\/wp\/v2\/media\/1313"}],"wp:attachment":[{"href":"https:\/\/notinor.com\/jujuy\/wp-json\/wp\/v2\/media?parent=16570"}],"wp:term":[{"taxonomy":"category","embeddable":true,"href":"https:\/\/notinor.com\/jujuy\/wp-json\/wp\/v2\/categories?post=16570"},{"taxonomy":"post_tag","embeddable":true,"href":"https:\/\/notinor.com\/jujuy\/wp-json\/wp\/v2\/tags?post=16570"}],"curies":[{"name":"wp","href":"https:\/\/api.w.org\/{rel}","templated":true}]}}