{"id":16563,"date":"2015-02-17T00:03:11","date_gmt":"2015-02-17T03:03:11","guid":{"rendered":"http:\/\/notinor.com\/jujuy\/?p=16563"},"modified":"2015-02-16T20:50:46","modified_gmt":"2015-02-16T23:50:46","slug":"fueron-asesinados-solo-por-ser-cristianos-lamento-el-papa-francisco","status":"publish","type":"post","link":"https:\/\/notinor.com\/jujuy\/fueron-asesinados-solo-por-ser-cristianos-lamento-el-papa-francisco\/","title":{"rendered":"\"Fueron asesinados s\u00f3lo por ser cristianos\", lament\u00f3 el papa Francisco"},"content":{"rendered":"<p>CIUDAD DEL VATICANO.- El papa Francisco expres\u00f3 una profunda tristeza por la decapitaci\u00f3n de 21 egipcios cristianos coptos en Libia en manos del grupo jihadista Estado Isl\u00e1mico, en declaraciones espont\u00e1neas brindadas hoy para enfatizar la unidad de todos los cristianos m\u00e1s all\u00e1 de la doctrina que sigan.<\/p>\n<p>Dirigi\u00e9ndose a miembros de la Iglesia de Escocia, el Papa lament\u00f3 los asesinatos ocurridos en una playa en Libia, que fueron filmados y divulgados ayer en un sitio que apoya a Estado Isl\u00e1mico.<\/p>\n<p>\"Me permito recurrir a mi lengua materna para expresar un hondo y triste sentimiento. Hoy pude leer la ejecuci\u00f3n de esos 20, 21, 22 cristianos coptos. Solamente dec\u00edan: \"Jes\u00fas, ay\u00fadame\". Fueron asesinados por el s\u00f3lo hecho de ser cristianos\", dijo Francisco en espa\u00f1ol, apart\u00e1ndose del italiano que siempre utiliza en la mayor\u00eda de los eventos formales.<\/p>\n<p>El l\u00edder de los 1200 millones de cat\u00f3licos, que ha dicho que es \"leg\u00edtimo\" detener a un agresor injusto, continu\u00f3:\"La sangre de nuestros hermanos cristianos es un testimonio que grita. Sean cat\u00f3licos, ortodoxos, coptos, luteranos, no interesa: son cristianos\", afirm\u00f3. Y a\u00f1adi\u00f3, al finalizar su discurso: \"Los m\u00e1rtires son de todos los cristianos\".<\/p>\n<p>Egipto, donde los cristianos representan alrededor de una d\u00e9cima de la poblaci\u00f3n predominantemente musulmana, est\u00e1 reforzando su lucha contra milicianos isl\u00e1micos en la vecina Libia.<\/p>\n<p>La Iglesia Copta fue fundada a partir de las ense\u00f1anzas de San Marcos, quien llev\u00f3 el cristianismo a Egipto durante el reinado del emperador romano Ner\u00f3n.<\/p>\n<h1><strong>QU\u00c9 PAS\u00d3<\/strong><\/h1>\n<p>Los extremistas en Libia afiliados con el grupo Estado Isl\u00e1mico dieron a conocer un video ayer que muestra la decapitaci\u00f3n masiva de rehenes cristianos coptos secuestrados desde hac\u00eda varias semanas.<\/p>\n<p>Los asesinatos sembraron inquietud en Italia, dada la proximidad de Libia justo al otro lado del mar Mediterr\u00e1neo, y porque uno de los milicianos en el video dijo que el grupo planea \"conquistar Roma\", la sede del catolicismo.<\/p>\n<p>Agencias AP, ANSA y DPA<\/p>\n","protected":false},"excerpt":{"rendered":"<p>CIUDAD DEL VATICANO.- El papa Francisco expres\u00f3 una profunda tristeza por la decapitaci\u00f3n de 21 egipcios cristianos coptos en Libia en manos del grupo jihadista Estado Isl\u00e1mico, en declaraciones espont\u00e1neas brindadas hoy para enfatizar la unidad de todos los cristianos m\u00e1s all\u00e1 de la doctrina que sigan. Dirigi\u00e9ndose a miembros de la Iglesia de Escocia, [&hellip;]<\/p>\n","protected":false},"author":1,"featured_media":16565,"comment_status":"open","ping_status":"open","sticky":false,"template":"","format":"standard","meta":{"_stopmodifiedupdate":false,"_modified_date":"","inline_featured_image":false},"categories":[6],"tags":[],"jetpack_featured_media_url":"https:\/\/notinor.com\/jujuy\/wp-content\/uploads\/2015\/02\/papa-francisco-consternado.jpg","_links":{"self":[{"href":"https:\/\/notinor.com\/jujuy\/wp-json\/wp\/v2\/posts\/16563"}],"collection":[{"href":"https:\/\/notinor.com\/jujuy\/wp-json\/wp\/v2\/posts"}],"about":[{"href":"https:\/\/notinor.com\/jujuy\/wp-json\/wp\/v2\/types\/post"}],"author":[{"embeddable":true,"href":"https:\/\/notinor.com\/jujuy\/wp-json\/wp\/v2\/users\/1"}],"replies":[{"embeddable":true,"href":"https:\/\/notinor.com\/jujuy\/wp-json\/wp\/v2\/comments?post=16563"}],"version-history":[{"count":1,"href":"https:\/\/notinor.com\/jujuy\/wp-json\/wp\/v2\/posts\/16563\/revisions"}],"predecessor-version":[{"id":16567,"href":"https:\/\/notinor.com\/jujuy\/wp-json\/wp\/v2\/posts\/16563\/revisions\/16567"}],"wp:featuredmedia":[{"embeddable":true,"href":"https:\/\/notinor.com\/jujuy\/wp-json\/wp\/v2\/media\/16565"}],"wp:attachment":[{"href":"https:\/\/notinor.com\/jujuy\/wp-json\/wp\/v2\/media?parent=16563"}],"wp:term":[{"taxonomy":"category","embeddable":true,"href":"https:\/\/notinor.com\/jujuy\/wp-json\/wp\/v2\/categories?post=16563"},{"taxonomy":"post_tag","embeddable":true,"href":"https:\/\/notinor.com\/jujuy\/wp-json\/wp\/v2\/tags?post=16563"}],"curies":[{"name":"wp","href":"https:\/\/api.w.org\/{rel}","templated":true}]}}