{"id":16524,"date":"2015-02-16T04:24:48","date_gmt":"2015-02-16T07:24:48","guid":{"rendered":"http:\/\/notinor.com\/jujuy\/?p=16524"},"modified":"2015-02-16T04:24:48","modified_gmt":"2015-02-16T07:24:48","slug":"el-carnaval-se-vive-a-pleno-en-toda-la-provincia","status":"publish","type":"post","link":"https:\/\/notinor.com\/jujuy\/el-carnaval-se-vive-a-pleno-en-toda-la-provincia\/","title":{"rendered":"El Carnaval se vive a pleno en toda la provincia"},"content":{"rendered":"<p>El s\u00e1bado se realizo el desentierro del carnaval y los diablos recorren la provincia brindando alegr\u00eda. Aqu\u00ed te dejamos las im\u00e1genes que retratan la fiesta juje\u00f1a.<\/p>\n<figure id=\"attachment_16525\" aria-describedby=\"caption-attachment-16525\" style=\"width: 800px\" class=\"wp-caption aligncenter\"><a href=\"http:\/\/notinor.com\/jujuy\/wp-content\/uploads\/2015\/02\/carnaval-tekis-fans.jpg\"><img decoding=\"async\" loading=\"lazy\" class=\"wp-image-16525 size-full\" src=\"http:\/\/notinor.com\/jujuy\/wp-content\/uploads\/2015\/02\/carnaval-tekis-fans.jpg\" alt=\"carnaval tekis fans\" width=\"800\" height=\"534\" srcset=\"https:\/\/notinor.com\/jujuy\/wp-content\/uploads\/2015\/02\/carnaval-tekis-fans.jpg 800w, https:\/\/notinor.com\/jujuy\/wp-content\/uploads\/2015\/02\/carnaval-tekis-fans-300x200.jpg 300w\" sizes=\"(max-width: 800px) 100vw, 800px\" \/><\/a><figcaption id=\"caption-attachment-16525\" class=\"wp-caption-text\">Los fanaticos de Los Tekis, desde Buenos Aires llegaron para festejar el Carnaval<\/figcaption><\/figure>\n<figure id=\"attachment_16526\" aria-describedby=\"caption-attachment-16526\" style=\"width: 534px\" class=\"wp-caption aligncenter\"><a href=\"http:\/\/notinor.com\/jujuy\/wp-content\/uploads\/2015\/02\/carnaval-jujuy-comparsa.jpg\"><img decoding=\"async\" loading=\"lazy\" class=\"wp-image-16526 size-full\" src=\"http:\/\/notinor.com\/jujuy\/wp-content\/uploads\/2015\/02\/carnaval-jujuy-comparsa.jpg\" alt=\"carnaval jujuy comparsa\" width=\"534\" height=\"800\" srcset=\"https:\/\/notinor.com\/jujuy\/wp-content\/uploads\/2015\/02\/carnaval-jujuy-comparsa.jpg 534w, https:\/\/notinor.com\/jujuy\/wp-content\/uploads\/2015\/02\/carnaval-jujuy-comparsa-200x300.jpg 200w\" sizes=\"(max-width: 534px) 100vw, 534px\" \/><\/a><figcaption id=\"caption-attachment-16526\" class=\"wp-caption-text\">\"Que pretende usted de mi\" las comparsas del norte juje\u00f1o<\/figcaption><\/figure>\n<figure id=\"attachment_16529\" aria-describedby=\"caption-attachment-16529\" style=\"width: 480px\" class=\"wp-caption aligncenter\"><a href=\"http:\/\/notinor.com\/jujuy\/wp-content\/uploads\/2015\/02\/diablso-uquia.jpg\"><img decoding=\"async\" loading=\"lazy\" class=\"wp-image-16529 size-full\" src=\"http:\/\/notinor.com\/jujuy\/wp-content\/uploads\/2015\/02\/diablso-uquia.jpg\" alt=\"diablso uquia\" width=\"480\" height=\"360\" srcset=\"https:\/\/notinor.com\/jujuy\/wp-content\/uploads\/2015\/02\/diablso-uquia.jpg 480w, https:\/\/notinor.com\/jujuy\/wp-content\/uploads\/2015\/02\/diablso-uquia-300x225.jpg 300w\" sizes=\"(max-width: 480px) 100vw, 480px\" \/><\/a><figcaption id=\"caption-attachment-16529\" class=\"wp-caption-text\">Descenso de los diablos en Uqu\u00eda<\/figcaption><\/figure>\n<p>&nbsp;<\/p>\n<figure id=\"attachment_16527\" aria-describedby=\"caption-attachment-16527\" style=\"width: 768px\" class=\"wp-caption aligncenter\"><a href=\"http:\/\/notinor.com\/jujuy\/wp-content\/uploads\/2015\/02\/c5n-carnaval-jujuy.jpg\"><img decoding=\"async\" loading=\"lazy\" class=\"wp-image-16527 size-full\" src=\"http:\/\/notinor.com\/jujuy\/wp-content\/uploads\/2015\/02\/c5n-carnaval-jujuy.jpg\" alt=\"c5n carnaval jujuy\" width=\"768\" height=\"576\" srcset=\"https:\/\/notinor.com\/jujuy\/wp-content\/uploads\/2015\/02\/c5n-carnaval-jujuy.jpg 768w, https:\/\/notinor.com\/jujuy\/wp-content\/uploads\/2015\/02\/c5n-carnaval-jujuy-300x225.jpg 300w\" sizes=\"(max-width: 768px) 100vw, 768px\" \/><\/a><figcaption id=\"caption-attachment-16527\" class=\"wp-caption-text\">Medios nacionales vinieron a Jujuy a cubrir el carnaval en Tilcara<\/figcaption><\/figure>\n<p>&nbsp;<\/p>\n<figure id=\"attachment_16528\" aria-describedby=\"caption-attachment-16528\" style=\"width: 960px\" class=\"wp-caption aligncenter\"><a href=\"http:\/\/notinor.com\/jujuy\/wp-content\/uploads\/2015\/02\/la-cantada-comecor.jpg\"><img decoding=\"async\" loading=\"lazy\" class=\"wp-image-16528 size-full\" src=\"http:\/\/notinor.com\/jujuy\/wp-content\/uploads\/2015\/02\/la-cantada-comecor.jpg\" alt=\"la cantada comecor\" width=\"960\" height=\"540\" srcset=\"https:\/\/notinor.com\/jujuy\/wp-content\/uploads\/2015\/02\/la-cantada-comecor.jpg 960w, https:\/\/notinor.com\/jujuy\/wp-content\/uploads\/2015\/02\/la-cantada-comecor-300x168.jpg 300w, https:\/\/notinor.com\/jujuy\/wp-content\/uploads\/2015\/02\/la-cantada-comecor-199x112.jpg 199w\" sizes=\"(max-width: 960px) 100vw, 960px\" \/><\/a><figcaption id=\"caption-attachment-16528\" class=\"wp-caption-text\">La Cantada en los Corsos de San Pedro de Jujuy<\/figcaption><\/figure>\n<figure id=\"attachment_16530\" aria-describedby=\"caption-attachment-16530\" style=\"width: 960px\" class=\"wp-caption aligncenter\"><a href=\"http:\/\/notinor.com\/jujuy\/wp-content\/uploads\/2015\/02\/comparsa-san-pedro.jpg\"><img decoding=\"async\" loading=\"lazy\" class=\"wp-image-16530 size-full\" src=\"http:\/\/notinor.com\/jujuy\/wp-content\/uploads\/2015\/02\/comparsa-san-pedro.jpg\" alt=\"comparsa san pedro\" width=\"960\" height=\"720\" srcset=\"https:\/\/notinor.com\/jujuy\/wp-content\/uploads\/2015\/02\/comparsa-san-pedro.jpg 960w, https:\/\/notinor.com\/jujuy\/wp-content\/uploads\/2015\/02\/comparsa-san-pedro-300x225.jpg 300w\" sizes=\"(max-width: 960px) 100vw, 960px\" \/><\/a><figcaption id=\"caption-attachment-16530\" class=\"wp-caption-text\">Las comparsas en San Pedro de Jujuy<\/figcaption><\/figure>\n","protected":false},"excerpt":{"rendered":"<p>El s\u00e1bado se realizo el desentierro del carnaval y los diablos recorren la provincia brindando alegr\u00eda. Aqu\u00ed te dejamos las im\u00e1genes que retratan la fiesta juje\u00f1a. &nbsp; &nbsp;<\/p>\n","protected":false},"author":1,"featured_media":16530,"comment_status":"open","ping_status":"open","sticky":false,"template":"","format":"standard","meta":{"_stopmodifiedupdate":false,"_modified_date":"","inline_featured_image":false,"spay_email":"","jetpack_publicize_message":""},"categories":[21],"tags":[],"jetpack_featured_media_url":"https:\/\/notinor.com\/jujuy\/wp-content\/uploads\/2015\/02\/comparsa-san-pedro.jpg","jetpack_publicize_connections":[],"_links":{"self":[{"href":"https:\/\/notinor.com\/jujuy\/wp-json\/wp\/v2\/posts\/16524"}],"collection":[{"href":"https:\/\/notinor.com\/jujuy\/wp-json\/wp\/v2\/posts"}],"about":[{"href":"https:\/\/notinor.com\/jujuy\/wp-json\/wp\/v2\/types\/post"}],"author":[{"embeddable":true,"href":"https:\/\/notinor.com\/jujuy\/wp-json\/wp\/v2\/users\/1"}],"replies":[{"embeddable":true,"href":"https:\/\/notinor.com\/jujuy\/wp-json\/wp\/v2\/comments?post=16524"}],"version-history":[{"count":1,"href":"https:\/\/notinor.com\/jujuy\/wp-json\/wp\/v2\/posts\/16524\/revisions"}],"predecessor-version":[{"id":16531,"href":"https:\/\/notinor.com\/jujuy\/wp-json\/wp\/v2\/posts\/16524\/revisions\/16531"}],"wp:featuredmedia":[{"embeddable":true,"href":"https:\/\/notinor.com\/jujuy\/wp-json\/wp\/v2\/media\/16530"}],"wp:attachment":[{"href":"https:\/\/notinor.com\/jujuy\/wp-json\/wp\/v2\/media?parent=16524"}],"wp:term":[{"taxonomy":"category","embeddable":true,"href":"https:\/\/notinor.com\/jujuy\/wp-json\/wp\/v2\/categories?post=16524"},{"taxonomy":"post_tag","embeddable":true,"href":"https:\/\/notinor.com\/jujuy\/wp-json\/wp\/v2\/tags?post=16524"}],"curies":[{"name":"wp","href":"https:\/\/api.w.org\/{rel}","templated":true}]}}