{"id":16500,"date":"2015-02-16T00:03:39","date_gmt":"2015-02-16T03:03:39","guid":{"rendered":"http:\/\/notinor.com\/jujuy\/?p=16500"},"modified":"2015-02-15T22:37:01","modified_gmt":"2015-02-16T01:37:01","slug":"el-caso-nisman-profundiza-diferencias-internas-en-el-kirchnerismo","status":"publish","type":"post","link":"https:\/\/notinor.com\/jujuy\/el-caso-nisman-profundiza-diferencias-internas-en-el-kirchnerismo\/","title":{"rendered":"El caso Nisman profundiza diferencias internas en el kirchnerismo"},"content":{"rendered":"<p>Las objeciones tambi\u00e9n est\u00e1n dirigidas hacia las cartas de la Presidenta en sus cuentas de Facebook y Twitter; al documento impuesto al PJ por el secretario legal y t\u00e9cnico, Carlos Zannini, y el mal manejo de la comunicacion que alterna mensajes duros y moderados.<\/p>\n<p>El principal factor de malestar es el posible efecto electoral: todos los gobernadores e intendentes se juegan su futuro pol\u00edtico en las elecciones del 25 de octubre pr\u00f3ximo en sus respectivos distritos.<\/p>\n<p>Y la realidad es que el peronismo podr\u00eda perder en muchas provincias: Mendoza, C\u00f3rdoba, Santa Fe, Catamarca, Chaco, Salta, Jujuy, Corrientes, La Rioja, Santa Cruz y Tierra del Fuego, entre otras.<\/p>\n<p>\"Con sus discursos Cristina irrita a la gente. Muchos temen que se haya transformado sin quererlo en la principal promotora de la marcha del 18-F\", dijo el s\u00e1bado un dirigente del peronismo con di\u00e1logo con los gobernadores. Por eso desde anteayer la Casa Rosada aplic\u00f3 la estrategia de instalar el miedo y los fantasmas de golpe de Estado para quitarle adherentes a la movilizaci\u00f3n.<\/p>\n<p>Por esa especulaci\u00f3n electoral, los precandidatos presidenciales del Frente para la Victoria buscaron la moderaci\u00f3n ante el 18-F aunque aclararon que no participar\u00e1n: Daniel Scioli, Florencio Randazzo y Juli\u00e1n Dom\u00ednguez. La \u00fanica excepci\u00f3n es Sergio Urribarri, que tiene la doble condici\u00f3n: es candidato y gobernador de Entre R\u00edos. Dijo que era \"un intento repugnante de usar a la gente de los fiscales y la prensa\".<\/p>\n<p>Un n\u00facleo de ministros del Poder Ejecutivo discrepa en silencio de la dureza del cristinismo. Un allegado de ellos se lament\u00f3: \"El acto del mi\u00e9rcoles pasado en la Casa Rosada buscaba instalar anuncios positivos, hablar de China, y sacar a Nisman de los diarios. Pero a Cristina se le fue la lengua y termin\u00f3 atacando la marcha con su referencia a que \u00aba ellos le dejamos el silencio\u00bb, y eso irrita mucho\".<\/p>\n<p>Las directivas de Cristina cambiaron durante la semana entre la mesura y la radicalizaci\u00f3n. El secretario general de la Presidencia, An\u00edbal Fern\u00e1ndez, hab\u00eda recibido la orden de moderaci\u00f3n y dijo incluso que podr\u00eda haber funcionarios que fueran al 18-F. Tambi\u00e9n dijo que los fiscales ten\u00edan derecho a manifestarse luego de 30 a\u00f1os de democracia y s\u00f3lo apuntaba en cambio que la oposici\u00f3n era \"oportunista\".<\/p>\n<p>Pero luego de la imputaci\u00f3n del fiscal Gerardo Pollicita a la Presidenta y del mensaje de Cristina en la Casa Rosada lleg\u00f3 otra orden desde Olivos: Fern\u00e1ndez termin\u00f3 la semana acusando a los autores de la marcha de narcos, antisemitas, apropiadores de bebes y encubridores del caso AMIA. El jefe de Gabinete, Jorge Capitanich, copi\u00f3 su pirueta y ambos denunciaron a Pollicita por \"desestabilizaci\u00f3n y golpe de Estado judicial\".<\/p>\n<p>El ministro del Interior y Transporte, tambi\u00e9n candidato presidencial, Florencio Randazzo, hab\u00eda sido cauto: expres\u00f3 su \"respeto\" por la familia de Nisman, pero a los fiscales les dijo que \"en lugar de protestar deben esclarecer\". Fern\u00e1ndez, Capitanich y Randazzo, aunque no se apartan del mensaje que ordena Cristina, no quer\u00edan irritar a los adherentes al 18-F. \"Todo lo que dice An\u00edbal lo conversa directamente con la Presidenta\", confi\u00f3 uno de sus allegados.<\/p>\n<p>El ala radicalizada de Olivos la componen Cristina; Carlos Zannini, secretario legal y t\u00e9cnico; M\u00e1ximo Kirchner, hijo de la Presidenta, y los jefes de La C\u00e1mpora, Andr\u00e9s Larroque y Eduardo De Pedro. De all\u00ed salen las ideas m\u00e1s combativas.<\/p>\n<p>El resto del gabinete no habl\u00f3 del 18-F. Hay una l\u00ednea mesurada: Sergio Berni, Carlos Tomada, Juan Manzur, Julio De Vido, Julio Alak, Lino Bara\u00f1ao y Carlos Casamiquela. Y otra m\u00e1s cristinista: Amado Boudou, Enrique Meyer, D\u00e9bora Giorgi, Alberto Sileoni, Axel Kicillof, Alicia Kirchner, Agust\u00edn Rossi, Teresa Parodi y H\u00e9ctor Timerman.<\/p>\n<p>Los gobernadores del peronismo tradicional est\u00e1n fastidiados desde el principio de la crisis, especialmente cuando tras las denuncia de Nisman debieron suscribir un documento que ni siquiera conoc\u00edan. Tampoco ven con buenos ojos que en medio de la crisis haga gestos hacia la interna presidencial, como cuando esta semana elogi\u00f3 a Randazzo y cuestion\u00f3 a Scioli.<\/p>\n<p>\"Cuestionan el manejo de la crisis y puden reaccionar si no llega una se\u00f1al de racionalidad\", coment\u00f3 un operador. Los m\u00e1s preocupados son precisamente Scioli y los gobernadores que que lo acompa\u00f1an, como Jos\u00e9 Luis Gioja, Eduardo Fellner, Jos\u00e9 Alperovich, Gildo Insfr\u00e1n, Francisco \"Paco\" P\u00e9rez, Luis Beder Herrera y Maurice Closs. El senador Miguel Pichetto, que competir\u00e1 por la gobernaci\u00f3n de R\u00edo Negro, tambien alienta mayor mesura.<\/p>\n<p>Las encuestas que manejan revelan una ca\u00edda de ocho puntos en la imagen de la Presidenta por el caso Nisman, lo cual, temen, tambi\u00e9n podr\u00eda generar arrastre a todos los que tienen aspiraciones electorales.<\/p>\n<p>Entre ellos est\u00e1n los gobernadores que podr\u00edan buscar su reelecci\u00f3n, como Fellner, Luc\u00eda Corpaci, Insfr\u00e1n y Juan Manuel Urtubey.<\/p>\n<h2><strong>REACCIONES TRAS LA DENUNCIA A LA PRESIDENTA<\/strong><\/h2>\n<p>* <strong>Dislate<\/strong>. Juli\u00e1n Dom\u00ednguez, presidente de la C\u00e1mara de Diputados: \"La denuncia con la que se pretende enjuiciar a nuestro gobierno resulta un verdadero dislate\"<\/p>\n<p>*\u00a0<strong>Disparate<\/strong>. Florencio Randazzo, ministro del Interior y Transporte: \"Es un verdadero disparate de los tantos que nos tiene acostumbrados la Justicia\"<\/p>\n<p>*<strong>\u00a0Confabulaci\u00f3n.<\/strong> Agust\u00edn Rossi, ministro de Defensa: \"Detr\u00e1s del lamentable fallecimiento de Nisman hay una profunda confabulaci\u00f3n de grupos econ\u00f3micos, pol\u00edticos y medi\u00e1ticos que buscan producir desgaste a la Presidenta\"<\/p>\n<p>*<strong>\u00a0Intolerable.<\/strong> Julio De Vido, ministro de Planificaci\u00f3n: \"Es indignante que se pueda denunciar sin pruebas y sin hechos. Es intolerable que una autoridad judicial pueda decir que la denuncia es \u00abuna versi\u00f3n hipot\u00e9tica demostrada\u00bb\"<\/p>\n<p>*<strong>\u00a0Argumentos.<\/strong> Jos\u00e9 Manuel de la Sota, gobernador de C\u00f3rdoba. \"El Gobierno dice que tiene elementos para replicar la acusaci\u00f3n. Pres\u00e9ntese a la Justicia, esgrima sus argumentos, defi\u00e9ndase como cualquier ciudadano\"<\/p>\n","protected":false},"excerpt":{"rendered":"<p>Las objeciones tambi\u00e9n est\u00e1n dirigidas hacia las cartas de la Presidenta en sus cuentas de Facebook y Twitter; al documento impuesto al PJ por el secretario legal y t\u00e9cnico, Carlos Zannini, y el mal manejo de la comunicacion que alterna mensajes duros y moderados. El principal factor de malestar es el posible efecto electoral: todos [&hellip;]<\/p>\n","protected":false},"author":1,"featured_media":16501,"comment_status":"open","ping_status":"open","sticky":false,"template":"","format":"standard","meta":{"_stopmodifiedupdate":false,"_modified_date":"","inline_featured_image":false},"categories":[5],"tags":[],"jetpack_featured_media_url":"https:\/\/notinor.com\/jujuy\/wp-content\/uploads\/2015\/02\/cristina-silla1.jpg","_links":{"self":[{"href":"https:\/\/notinor.com\/jujuy\/wp-json\/wp\/v2\/posts\/16500"}],"collection":[{"href":"https:\/\/notinor.com\/jujuy\/wp-json\/wp\/v2\/posts"}],"about":[{"href":"https:\/\/notinor.com\/jujuy\/wp-json\/wp\/v2\/types\/post"}],"author":[{"embeddable":true,"href":"https:\/\/notinor.com\/jujuy\/wp-json\/wp\/v2\/users\/1"}],"replies":[{"embeddable":true,"href":"https:\/\/notinor.com\/jujuy\/wp-json\/wp\/v2\/comments?post=16500"}],"version-history":[{"count":1,"href":"https:\/\/notinor.com\/jujuy\/wp-json\/wp\/v2\/posts\/16500\/revisions"}],"predecessor-version":[{"id":16502,"href":"https:\/\/notinor.com\/jujuy\/wp-json\/wp\/v2\/posts\/16500\/revisions\/16502"}],"wp:featuredmedia":[{"embeddable":true,"href":"https:\/\/notinor.com\/jujuy\/wp-json\/wp\/v2\/media\/16501"}],"wp:attachment":[{"href":"https:\/\/notinor.com\/jujuy\/wp-json\/wp\/v2\/media?parent=16500"}],"wp:term":[{"taxonomy":"category","embeddable":true,"href":"https:\/\/notinor.com\/jujuy\/wp-json\/wp\/v2\/categories?post=16500"},{"taxonomy":"post_tag","embeddable":true,"href":"https:\/\/notinor.com\/jujuy\/wp-json\/wp\/v2\/tags?post=16500"}],"curies":[{"name":"wp","href":"https:\/\/api.w.org\/{rel}","templated":true}]}}