{"id":164972,"date":"2018-03-21T02:08:41","date_gmt":"2018-03-21T05:08:41","guid":{"rendered":"http:\/\/notinor.com\/jujuy\/?p=164972"},"modified":"2018-03-20T22:14:55","modified_gmt":"2018-03-21T01:14:55","slug":"hoy-se-conmemora-el-dia-de-la-reconquista-de-jujuy","status":"publish","type":"post","link":"https:\/\/notinor.com\/jujuy\/hoy-se-conmemora-el-dia-de-la-reconquista-de-jujuy\/","title":{"rendered":"Hoy se conmemora el d\u00eda de la reconquista de Jujuy"},"content":{"rendered":"<p>&nbsp;<\/p>\n<p>&nbsp;<\/p>\n<p><img decoding=\"async\" loading=\"lazy\" class=\"alignnone wp-image-122537 \" src=\"http:\/\/notinor.com\/jujuy\/wp-content\/uploads\/2017\/06\/salonde-la-bandera.jpg\" alt=\"\" width=\"920\" height=\"613\" srcset=\"https:\/\/notinor.com\/jujuy\/wp-content\/uploads\/2017\/06\/salonde-la-bandera.jpg 810w, https:\/\/notinor.com\/jujuy\/wp-content\/uploads\/2017\/06\/salonde-la-bandera-300x200.jpg 300w\" sizes=\"(max-width: 920px) 100vw, 920px\" \/><\/p>\n<p>Seg\u00fan muchos historiadores este hecho es a\u00fan m\u00e1s trascendente que el mismo \u00c9xodo del 23 de Agosto, no obstante, fue hace poco tiempo que volvi\u00f3 a revalorizarse.<\/p>\n<p>Cuenta la historia que fue \u00a0el\u00a0 21 de marzo de 1813 en el que pueblo juje\u00f1o recuper\u00f3 sus territorios luego de haber emigrado en el \u00e9xodo y luchado en las batallas de Tucum\u00e1n y Salta<\/p>\n<p>Jujuy, que durante varios meses se convirti\u00f3 en una fortaleza de los realistas, \u00a0luego de la emigraci\u00f3n del pueblo juje\u00f1o hacia el sur, vio regresar a sus pobladores luego de que los realistas se marcharan el 22 de febrero, \u00a0donde se registra que las primeras actuaciones en el Cabildo fueron el 21 de marzo.<\/p>\n<p>Dicha situaci\u00f3n, que marca la decisi\u00f3n de libertad del pueblo de Jujuy, \u00a0lleva a que Belgrano entregue la Bandera de la Libertad Civil al pueblo juje\u00f1o, en honra a su hero\u00edsmo, desarrollado durante toda la gesta.<\/p>\n<p>Por este motivo, desde el a\u00f1o 2013, fecha en que fue incorporado al calendario oficial para su celebraci\u00f3n \u00a0a trav\u00e9s del Decreto Acuerdo N\u00ba 2099-G-2013, el 21 de marzo se conoce como el D\u00eda de la Reconquista de Jujuy.<\/p>\n","protected":false},"excerpt":{"rendered":"<p>&nbsp; &nbsp; Seg\u00fan muchos historiadores este hecho es a\u00fan m\u00e1s trascendente que el mismo \u00c9xodo del 23 de Agosto, no obstante, fue hace poco tiempo que volvi\u00f3 a revalorizarse. Cuenta la historia que fue \u00a0el\u00a0 21 de marzo de 1813 en el que pueblo juje\u00f1o recuper\u00f3 sus territorios luego de haber emigrado en el \u00e9xodo [&hellip;]<\/p>\n","protected":false},"author":1,"featured_media":164976,"comment_status":"open","ping_status":"open","sticky":false,"template":"","format":"standard","meta":{"_stopmodifiedupdate":false,"_modified_date":"","inline_featured_image":false,"spay_email":"","jetpack_publicize_message":""},"categories":[2,490],"tags":[],"jetpack_featured_media_url":"https:\/\/notinor.com\/jujuy\/wp-content\/uploads\/2018\/03\/Foto-final.jpg","jetpack_publicize_connections":[],"_links":{"self":[{"href":"https:\/\/notinor.com\/jujuy\/wp-json\/wp\/v2\/posts\/164972"}],"collection":[{"href":"https:\/\/notinor.com\/jujuy\/wp-json\/wp\/v2\/posts"}],"about":[{"href":"https:\/\/notinor.com\/jujuy\/wp-json\/wp\/v2\/types\/post"}],"author":[{"embeddable":true,"href":"https:\/\/notinor.com\/jujuy\/wp-json\/wp\/v2\/users\/1"}],"replies":[{"embeddable":true,"href":"https:\/\/notinor.com\/jujuy\/wp-json\/wp\/v2\/comments?post=164972"}],"version-history":[{"count":1,"href":"https:\/\/notinor.com\/jujuy\/wp-json\/wp\/v2\/posts\/164972\/revisions"}],"predecessor-version":[{"id":164977,"href":"https:\/\/notinor.com\/jujuy\/wp-json\/wp\/v2\/posts\/164972\/revisions\/164977"}],"wp:featuredmedia":[{"embeddable":true,"href":"https:\/\/notinor.com\/jujuy\/wp-json\/wp\/v2\/media\/164976"}],"wp:attachment":[{"href":"https:\/\/notinor.com\/jujuy\/wp-json\/wp\/v2\/media?parent=164972"}],"wp:term":[{"taxonomy":"category","embeddable":true,"href":"https:\/\/notinor.com\/jujuy\/wp-json\/wp\/v2\/categories?post=164972"},{"taxonomy":"post_tag","embeddable":true,"href":"https:\/\/notinor.com\/jujuy\/wp-json\/wp\/v2\/tags?post=164972"}],"curies":[{"name":"wp","href":"https:\/\/api.w.org\/{rel}","templated":true}]}}