{"id":16358,"date":"2015-02-14T00:27:30","date_gmt":"2015-02-14T03:27:30","guid":{"rendered":"http:\/\/notinor.com\/jujuy\/?p=16358"},"modified":"2015-02-13T23:31:19","modified_gmt":"2015-02-14T02:31:19","slug":"los-mercados-con-atencion-reducida-por-los-feriados-del-carnaval-2015","status":"publish","type":"post","link":"https:\/\/notinor.com\/jujuy\/los-mercados-con-atencion-reducida-por-los-feriados-del-carnaval-2015\/","title":{"rendered":"Los mercados con atenci\u00f3n reducida por los feriados del \"Carnaval 2015\""},"content":{"rendered":"<p>La Direcci\u00f3n\u00a0de Administraci\u00f3n de Mercados dependiente de la Secretar\u00eda de Gobierno, dispuso que las bocas de expendios de alimentos: Central, ex Abasto, Abasto y Concentraci\u00f3n y Santa Rosa no abrir\u00e1n sus puertas durante la jornada del lunes y el martes solamente atender\u00e1n mediod\u00eda con motivo de los feriados de \u201cCarnaval 2015\u201d.<\/p>\n<p style=\"text-align: center;\"><a href=\"http:\/\/notinor.com\/jujuy\/wp-content\/uploads\/2015\/02\/mercado-municipal-jujuy.jpg\"><img decoding=\"async\" loading=\"lazy\" class=\"alignnone size-full wp-image-16359\" src=\"http:\/\/notinor.com\/jujuy\/wp-content\/uploads\/2015\/02\/mercado-municipal-jujuy.jpg\" alt=\"mercado municipal jujuy\" width=\"500\" height=\"360\" srcset=\"https:\/\/notinor.com\/jujuy\/wp-content\/uploads\/2015\/02\/mercado-municipal-jujuy.jpg 500w, https:\/\/notinor.com\/jujuy\/wp-content\/uploads\/2015\/02\/mercado-municipal-jujuy-300x216.jpg 300w, https:\/\/notinor.com\/jujuy\/wp-content\/uploads\/2015\/02\/mercado-municipal-jujuy-120x86.jpg 120w\" sizes=\"(max-width: 500px) 100vw, 500px\" \/><\/a><\/p>\n<p>\u00cdtalo Cuva, Director de Mercados y Ferias, comunic\u00f3 que los mercados: Central, ex \u2013 Abasto, Abasto y Concentraci\u00f3n y Santa Rosa no atender\u00e1n el lunes y el martes abrir\u00e1n sus puertas solamente mediod\u00eda con motivo del \u201cCarnaval 2015\u201d y agreg\u00f3 que \u201cel servicio quedar\u00e1 normalizado a partir del mi\u00e9rcoles 18\u201d.<\/p>\n","protected":false},"excerpt":{"rendered":"<p>La Direcci\u00f3n\u00a0de Administraci\u00f3n de Mercados dependiente de la Secretar\u00eda de Gobierno, dispuso que las bocas de expendios de alimentos: Central, ex Abasto, Abasto y Concentraci\u00f3n y Santa Rosa no abrir\u00e1n sus puertas durante la jornada del lunes y el martes solamente atender\u00e1n mediod\u00eda con motivo de los feriados de \u201cCarnaval 2015\u201d. \u00cdtalo Cuva, Director de [&hellip;]<\/p>\n","protected":false},"author":1,"featured_media":16359,"comment_status":"open","ping_status":"open","sticky":false,"template":"","format":"standard","meta":{"_stopmodifiedupdate":false,"_modified_date":"","inline_featured_image":false,"spay_email":"","jetpack_publicize_message":""},"categories":[2],"tags":[],"jetpack_featured_media_url":"https:\/\/notinor.com\/jujuy\/wp-content\/uploads\/2015\/02\/mercado-municipal-jujuy.jpg","jetpack_publicize_connections":[],"_links":{"self":[{"href":"https:\/\/notinor.com\/jujuy\/wp-json\/wp\/v2\/posts\/16358"}],"collection":[{"href":"https:\/\/notinor.com\/jujuy\/wp-json\/wp\/v2\/posts"}],"about":[{"href":"https:\/\/notinor.com\/jujuy\/wp-json\/wp\/v2\/types\/post"}],"author":[{"embeddable":true,"href":"https:\/\/notinor.com\/jujuy\/wp-json\/wp\/v2\/users\/1"}],"replies":[{"embeddable":true,"href":"https:\/\/notinor.com\/jujuy\/wp-json\/wp\/v2\/comments?post=16358"}],"version-history":[{"count":1,"href":"https:\/\/notinor.com\/jujuy\/wp-json\/wp\/v2\/posts\/16358\/revisions"}],"predecessor-version":[{"id":16360,"href":"https:\/\/notinor.com\/jujuy\/wp-json\/wp\/v2\/posts\/16358\/revisions\/16360"}],"wp:featuredmedia":[{"embeddable":true,"href":"https:\/\/notinor.com\/jujuy\/wp-json\/wp\/v2\/media\/16359"}],"wp:attachment":[{"href":"https:\/\/notinor.com\/jujuy\/wp-json\/wp\/v2\/media?parent=16358"}],"wp:term":[{"taxonomy":"category","embeddable":true,"href":"https:\/\/notinor.com\/jujuy\/wp-json\/wp\/v2\/categories?post=16358"},{"taxonomy":"post_tag","embeddable":true,"href":"https:\/\/notinor.com\/jujuy\/wp-json\/wp\/v2\/tags?post=16358"}],"curies":[{"name":"wp","href":"https:\/\/api.w.org\/{rel}","templated":true}]}}