{"id":16356,"date":"2015-02-15T00:22:52","date_gmt":"2015-02-15T03:22:52","guid":{"rendered":"http:\/\/notinor.com\/jujuy\/?p=16356"},"modified":"2015-02-13T23:26:24","modified_gmt":"2015-02-14T02:26:24","slug":"el-sabado-21-y-domingo-22-desfilaran-las-comparsas-en-capital","status":"publish","type":"post","link":"https:\/\/notinor.com\/jujuy\/el-sabado-21-y-domingo-22-desfilaran-las-comparsas-en-capital\/","title":{"rendered":"El s\u00e1bado 21 y domingo 22 desfilaran las comparsas en capital"},"content":{"rendered":"<p>Una nueva reprogramaci\u00f3n de los \u201cCorsos Capitalinos 2015\u201d, se refiri\u00f3 el Secretario de\u00a0Cultura y Turismo de la Municipalidad de San Salvador de Jujuy, Prof. Alejandro Aldana, quien anunci\u00f3 que nuevamente las comparsas carnestolendas desfilar\u00e1n el pr\u00f3ximo s\u00e1bado 21 sobre Avenida Teniente Far\u00edas, el domingo 22 en Avenida Marina Vilte de Alto Comedero, mientras que el s\u00e1bado 28 ser\u00e1 el cierre final en Avenida General Savio.<\/p>\n<p>&nbsp;<\/p>\n<p>En este sentido, el Profesor Alejandro Aldana explic\u00f3 que \u201cse han replanteado las fechas de los desfiles del Corso Capitalino 2015, detallando en tal sentido que el d\u00eda s\u00e1bado 21 se realizar\u00e1 sobre Avenida Teniente Far\u00edas y el domingo 22 en Avenida Marina Vilte, ambas del barrio Alto \u00a0Comedero, mientras que el s\u00e1bado 28 \u00a0ser\u00e1 el cierre final \u00a0sobre Avenida General Savio, puesto que tanto el p\u00fablico como las comparsas participantes\u00a0han ponderado ese lugar, \u00a0por lo que nos pareci\u00f3, que como se trata de un gran espect\u00e1culo, merece realizarse nuevamente en esa avenida\u201d.<\/p>\n<p>&nbsp;<\/p>\n<p>Consider\u00f3 al respecto, que \u201cla avenida ha sido muy generosa con el festejo carnestolendo por la amplitud y por posibilitar la organizaci\u00f3n en el sentido de que todos estuvieron c\u00f3modos, tanto participantes como p\u00fablico, lo que gener\u00f3 la expectativa de este espacio para considerarlo luego como una alternativa para todos los desfiles como el 23 de Agosto y, por qu\u00e9 no, el desfile de carrozas, atendiendo la solicitud de trasladar los desfiles que se hac\u00edan en Avenida C\u00f3rdoba\u201d.<\/p>\n<p>&nbsp;<\/p>\n<p>Precis\u00f3 Aldana que \u201cser\u00eda \u00a0como una prueba piloto para ver c\u00f3mo funciona en la log\u00edstica la Avenida General Savio, lugar donde se llevar\u00e1 a cabo el gran cierre de los corsos el d\u00eda 28, solicitado el a\u00f1o pasado y estamos justamente cumpliendo, dividir el corso en dos noches, 21 y 22 en los horarios habituales\u201d.<\/p>\n<p><strong>\u00a0S\u00e1bado 21 sobre Avda. Teniente Far\u00edas y Domingo 22 en Avda. Marina Vilte<\/strong><\/p>\n<p>&nbsp;<\/p>\n<p>Luego, el Delegado Municipal de Alto Comedero, Ingeniero Carlos Stanic, sostuvo que \u201chabitualmente eran dos noches de desfiles sobre Avenida Marina Vilte, pero nos hab\u00edan llegado algunas inquietudes y este a\u00f1o se insisti\u00f3 nuevamente en dividir el desfile en dos sectores, en la zona de viviendas sobre la Avenida Teniente Far\u00edas y el segundo desfile sobre la Avenida Marina Vilte\u201d.<\/p>\n<p>&nbsp;<\/p>\n<p>A\u00f1adi\u00f3 el funcionario municipal, que \u201cen la Marina Vilte ser\u00e1 como todos los a\u00f1os y en este nuevo escenario, la Teniente Far\u00edas, \u00a0el desfile iniciar\u00e1 desde la Teniente Bono finalizando en la Escuela de los Mineros\u201d. Sobre la modalidad de circulaci\u00f3n vehicular y del servicio del transporte urbano de pasajeros, dijo Stanic que \u201cdetalladamente la \u00a0Direcci\u00f3n de Tr\u00e1nsito y Transporte notificar\u00e1 las modificaciones\u201d, puntualizando que \u201clos colectivos tendr\u00e1n circulaci\u00f3n por Avenida Fuerza A\u00e9rea\u201d.<\/p>\n<p>&nbsp;<\/p>\n<p>\u201cLa idea es apostar a este lugar nuevo, dividir un poco y tener en cuenta este sector, una zona linda, amplia, y esperando que sean tan exitosos como han sido siempre sobre la Avenida Marina Vilte\u201d, recordando que \u201cel d\u00eda 21 el corso ser\u00e1 \u00a0sobre Teniente Far\u00edas, desde la Tte Bono hasta la Escuela de Los Mineros y el d\u00eda 22, \u00a0como es habitual en la Avenida Vilte y calles habituales\u201d.<\/p>\n","protected":false},"excerpt":{"rendered":"<p>Una nueva reprogramaci\u00f3n de los \u201cCorsos Capitalinos 2015\u201d, se refiri\u00f3 el Secretario de\u00a0Cultura y Turismo de la Municipalidad de San Salvador de Jujuy, Prof. Alejandro Aldana, quien anunci\u00f3 que nuevamente las comparsas carnestolendas desfilar\u00e1n el pr\u00f3ximo s\u00e1bado 21 sobre Avenida Teniente Far\u00edas, el domingo 22 en Avenida Marina Vilte de Alto Comedero, mientras que el [&hellip;]<\/p>\n","protected":false},"author":1,"featured_media":15394,"comment_status":"open","ping_status":"open","sticky":false,"template":"","format":"standard","meta":{"_stopmodifiedupdate":false,"_modified_date":"","inline_featured_image":false,"spay_email":"","jetpack_publicize_message":""},"categories":[21],"tags":[],"jetpack_featured_media_url":"https:\/\/notinor.com\/jujuy\/wp-content\/uploads\/2015\/02\/CORSOS1.jpg","jetpack_publicize_connections":[],"_links":{"self":[{"href":"https:\/\/notinor.com\/jujuy\/wp-json\/wp\/v2\/posts\/16356"}],"collection":[{"href":"https:\/\/notinor.com\/jujuy\/wp-json\/wp\/v2\/posts"}],"about":[{"href":"https:\/\/notinor.com\/jujuy\/wp-json\/wp\/v2\/types\/post"}],"author":[{"embeddable":true,"href":"https:\/\/notinor.com\/jujuy\/wp-json\/wp\/v2\/users\/1"}],"replies":[{"embeddable":true,"href":"https:\/\/notinor.com\/jujuy\/wp-json\/wp\/v2\/comments?post=16356"}],"version-history":[{"count":1,"href":"https:\/\/notinor.com\/jujuy\/wp-json\/wp\/v2\/posts\/16356\/revisions"}],"predecessor-version":[{"id":16357,"href":"https:\/\/notinor.com\/jujuy\/wp-json\/wp\/v2\/posts\/16356\/revisions\/16357"}],"wp:featuredmedia":[{"embeddable":true,"href":"https:\/\/notinor.com\/jujuy\/wp-json\/wp\/v2\/media\/15394"}],"wp:attachment":[{"href":"https:\/\/notinor.com\/jujuy\/wp-json\/wp\/v2\/media?parent=16356"}],"wp:term":[{"taxonomy":"category","embeddable":true,"href":"https:\/\/notinor.com\/jujuy\/wp-json\/wp\/v2\/categories?post=16356"},{"taxonomy":"post_tag","embeddable":true,"href":"https:\/\/notinor.com\/jujuy\/wp-json\/wp\/v2\/tags?post=16356"}],"curies":[{"name":"wp","href":"https:\/\/api.w.org\/{rel}","templated":true}]}}