{"id":16339,"date":"2015-02-14T00:01:32","date_gmt":"2015-02-14T03:01:32","guid":{"rendered":"http:\/\/notinor.com\/jujuy\/?p=16339"},"modified":"2015-02-13T22:26:36","modified_gmt":"2015-02-14T01:26:36","slug":"el-fpv-retraso-el-debate-de-la-reforma-de-inteligencia-justo-para-el-18f","status":"publish","type":"post","link":"https:\/\/notinor.com\/jujuy\/el-fpv-retraso-el-debate-de-la-reforma-de-inteligencia-justo-para-el-18f\/","title":{"rendered":"El FpV retras\u00f3 el debate de la reforma de inteligencia justo para el #18F"},"content":{"rendered":"<p>Como en el Senado, la oposici\u00f3n de la C\u00e1mara baja se resiste a participar del debate para crear una nueva Agencia Federal de Inteligencia con el argumento de que el objetivo es desviar la atenci\u00f3n del cimbronazo pol\u00edtico que signific\u00f3 la muerte de Alberto Nisman. Con los n\u00fameros a su favor, el oficialismo podr\u00eda haber sacado dictamen hoy sobre el proyecto para llevarlo al recinto. Pero en cambio lo fren\u00f3.<\/p>\n<p>Diana Conti, titular de la comisi\u00f3n de Asuntos Constitucionales, que tiene la competencia de cabecera en el tratamiento de la iniciativa que ayer aprob\u00f3 el Senado, propuso el cuarto intermedio \"sobre todo llamando a la oposici\u00f3n a que venga a cumplir con el tan proclamado por ellos deber republicano\". Como gesto de esa voluntad, acept\u00f3 el pedido de ampliaci\u00f3n que solicit\u00f3 su par de Legislaci\u00f3n Penal, Patricia Bullrich.<\/p>\n<p>La convocatoria -nada inocente- fue para el 18 de febrero, a las 10 de la ma\u00f1ana. En esa jornada, los principales partidos no kirchneristas se comprometieron a participar de la manifestaci\u00f3n que lanz\u00f3 un grupo de fiscales para recordar a Alberto Nisman.<\/p>\n<p>Durante la reuni\u00f3n de hoy, en la que participaron exclusivamente diputados del Frente para la Victoria, bloques aliados y del Frente de Izquierda, se anticip\u00f3 que el pr\u00f3ximo mi\u00e9rcoles podr\u00eda estar presente el secretario de Inteligencia, Oscar Parrilli, para explicar aspectos de la norma como lo hizo en el Senado.<\/p>\n<p>En la sala del segundo piso del Anexo \"C\", que es la de mayor tama\u00f1o con que cuenta la C\u00e1mara de Diputados, se destac\u00f3 la ausencia de los legisladores de la UCR, PRO, Frente Renovador, UNEN y otras expresiones minoritarias.<\/p>\n<p>De la oposici\u00f3n af\u00edn al kirchnerismo concurrieron, entre otros, Alicia Comelli, del Frente Popular Neuquino; Carlos Raimundi (Frente Nuevo Encuentro) y Norma Abdala de Matarazzo (Frente C\u00edvico de Santiago del Estero), junto a Nicol\u00e1s del Ca\u00f1o, del PTS- FI.<\/p>\n<p>Durante la reuni\u00f3n, numerosos diputados cuestionaron a quienes no participaron y los acusaron de \"hip\u00f3critas\".<\/p>\n","protected":false},"excerpt":{"rendered":"<p>Como en el Senado, la oposici\u00f3n de la C\u00e1mara baja se resiste a participar del debate para crear una nueva Agencia Federal de Inteligencia con el argumento de que el objetivo es desviar la atenci\u00f3n del cimbronazo pol\u00edtico que signific\u00f3 la muerte de Alberto Nisman. Con los n\u00fameros a su favor, el oficialismo podr\u00eda haber [&hellip;]<\/p>\n","protected":false},"author":1,"featured_media":16340,"comment_status":"open","ping_status":"open","sticky":false,"template":"","format":"standard","meta":{"_stopmodifiedupdate":false,"_modified_date":"","inline_featured_image":false},"categories":[5],"tags":[],"jetpack_featured_media_url":"https:\/\/notinor.com\/jujuy\/wp-content\/uploads\/2015\/02\/debate-afi.jpg","_links":{"self":[{"href":"https:\/\/notinor.com\/jujuy\/wp-json\/wp\/v2\/posts\/16339"}],"collection":[{"href":"https:\/\/notinor.com\/jujuy\/wp-json\/wp\/v2\/posts"}],"about":[{"href":"https:\/\/notinor.com\/jujuy\/wp-json\/wp\/v2\/types\/post"}],"author":[{"embeddable":true,"href":"https:\/\/notinor.com\/jujuy\/wp-json\/wp\/v2\/users\/1"}],"replies":[{"embeddable":true,"href":"https:\/\/notinor.com\/jujuy\/wp-json\/wp\/v2\/comments?post=16339"}],"version-history":[{"count":1,"href":"https:\/\/notinor.com\/jujuy\/wp-json\/wp\/v2\/posts\/16339\/revisions"}],"predecessor-version":[{"id":16341,"href":"https:\/\/notinor.com\/jujuy\/wp-json\/wp\/v2\/posts\/16339\/revisions\/16341"}],"wp:featuredmedia":[{"embeddable":true,"href":"https:\/\/notinor.com\/jujuy\/wp-json\/wp\/v2\/media\/16340"}],"wp:attachment":[{"href":"https:\/\/notinor.com\/jujuy\/wp-json\/wp\/v2\/media?parent=16339"}],"wp:term":[{"taxonomy":"category","embeddable":true,"href":"https:\/\/notinor.com\/jujuy\/wp-json\/wp\/v2\/categories?post=16339"},{"taxonomy":"post_tag","embeddable":true,"href":"https:\/\/notinor.com\/jujuy\/wp-json\/wp\/v2\/tags?post=16339"}],"curies":[{"name":"wp","href":"https:\/\/api.w.org\/{rel}","templated":true}]}}