{"id":16336,"date":"2015-02-14T00:00:49","date_gmt":"2015-02-14T03:00:49","guid":{"rendered":"http:\/\/notinor.com\/jujuy\/?p=16336"},"modified":"2015-02-13T22:22:16","modified_gmt":"2015-02-14T01:22:16","slug":"gils-carbo-anuncio-a-los-reemplazantes-de-nisman-y-aclaro-que-nunca-se-penso-en-removerlo","status":"publish","type":"post","link":"https:\/\/notinor.com\/jujuy\/gils-carbo-anuncio-a-los-reemplazantes-de-nisman-y-aclaro-que-nunca-se-penso-en-removerlo\/","title":{"rendered":"Gils Carb\u00f3 anunci\u00f3 a los reemplazantes de Nisman y aclar\u00f3 que \"nunca se pens\u00f3 en removerlo\""},"content":{"rendered":"<p>La procuradora general de la Naci\u00f3n, Alejandra Gils Carb\u00f3, brind\u00f3 una conferencia de prensa, luego de conocerse que hoy se imput\u00f3 a la presidenta de la Naci\u00f3n en la denuncia que hab\u00eda presentado el fiscal Alberto Nisman.<\/p>\n<p>En la misma nombr\u00f3 a los reemplazantes del fallecido fiscal y anunci\u00f3 que se tratar\u00eda de un equipo formado por tres fiscales y un coordinador.<\/p>\n<p>El flamante equipo est\u00e1 compuesto por tres fiscales y un coordinador. Los fiscales elegidos fueron Sabrina Namer, Roberto Salum y Patricio Sabadini.<\/p>\n<p>Por su parte, el coordinador elegido fue Juan Murray.<\/p>\n<h2><strong>\u200bLas declaraciones m\u00e1s importantes:<\/strong><\/h2>\n<p>- \u201cNunca se pens\u00f3 en remover de su cargo\u201d a Alberto Nisman.<\/p>\n<p>- \u201cLe ofrec\u00eda a (Viviana) Fein todos los recursos\u201d para investigar la muerte de Nisman.<\/p>\n<p>- \u201cEl objetivo de UFI-AMIA fue saldar la deuda que el estado ten\u00eda en la lucha contra la impunidad\u201d.<\/p>\n<p>- \u201cEn el momento en el que tomamos conocimiento de la muerte del fiscal, tomamos medidas para preservar su trabajo\u201d.<\/p>\n<p>- \u201cReconozco el profesionalismo con el que la fiscal Fein y su equipo vienen llevando adelante su trabajo\u201d.<\/p>\n<p>- \u201cTuvimos en cuenta las trayectorias de sus integrantes, quienes tienen experiencia en casos de Lesa Humanidad, lo que asegura experiencia en hechos que ocurrieron muchos a\u00f1os atr\u00e1s\u201d.<\/p>\n","protected":false},"excerpt":{"rendered":"<p>La procuradora general de la Naci\u00f3n, Alejandra Gils Carb\u00f3, brind\u00f3 una conferencia de prensa, luego de conocerse que hoy se imput\u00f3 a la presidenta de la Naci\u00f3n en la denuncia que hab\u00eda presentado el fiscal Alberto Nisman. En la misma nombr\u00f3 a los reemplazantes del fallecido fiscal y anunci\u00f3 que se tratar\u00eda de un equipo [&hellip;]<\/p>\n","protected":false},"author":1,"featured_media":16337,"comment_status":"open","ping_status":"open","sticky":false,"template":"","format":"standard","meta":{"_stopmodifiedupdate":false,"_modified_date":"","inline_featured_image":false},"categories":[5],"tags":[],"jetpack_featured_media_url":"https:\/\/notinor.com\/jujuy\/wp-content\/uploads\/2015\/02\/gils-carbo-4.jpg","_links":{"self":[{"href":"https:\/\/notinor.com\/jujuy\/wp-json\/wp\/v2\/posts\/16336"}],"collection":[{"href":"https:\/\/notinor.com\/jujuy\/wp-json\/wp\/v2\/posts"}],"about":[{"href":"https:\/\/notinor.com\/jujuy\/wp-json\/wp\/v2\/types\/post"}],"author":[{"embeddable":true,"href":"https:\/\/notinor.com\/jujuy\/wp-json\/wp\/v2\/users\/1"}],"replies":[{"embeddable":true,"href":"https:\/\/notinor.com\/jujuy\/wp-json\/wp\/v2\/comments?post=16336"}],"version-history":[{"count":1,"href":"https:\/\/notinor.com\/jujuy\/wp-json\/wp\/v2\/posts\/16336\/revisions"}],"predecessor-version":[{"id":16338,"href":"https:\/\/notinor.com\/jujuy\/wp-json\/wp\/v2\/posts\/16336\/revisions\/16338"}],"wp:featuredmedia":[{"embeddable":true,"href":"https:\/\/notinor.com\/jujuy\/wp-json\/wp\/v2\/media\/16337"}],"wp:attachment":[{"href":"https:\/\/notinor.com\/jujuy\/wp-json\/wp\/v2\/media?parent=16336"}],"wp:term":[{"taxonomy":"category","embeddable":true,"href":"https:\/\/notinor.com\/jujuy\/wp-json\/wp\/v2\/categories?post=16336"},{"taxonomy":"post_tag","embeddable":true,"href":"https:\/\/notinor.com\/jujuy\/wp-json\/wp\/v2\/tags?post=16336"}],"curies":[{"name":"wp","href":"https:\/\/api.w.org\/{rel}","templated":true}]}}