{"id":16333,"date":"2015-02-14T00:03:49","date_gmt":"2015-02-14T03:03:49","guid":{"rendered":"http:\/\/notinor.com\/jujuy\/?p=16333"},"modified":"2015-02-13T22:38:32","modified_gmt":"2015-02-14T01:38:32","slug":"la-imputacion-a-cristina-da-la-vuelta-al-mundo","status":"publish","type":"post","link":"https:\/\/notinor.com\/jujuy\/la-imputacion-a-cristina-da-la-vuelta-al-mundo\/","title":{"rendered":"La imputaci\u00f3n a Cristina da la vuelta al mundo"},"content":{"rendered":"<p>Tal como ocurri\u00f3 el 14 de enero, cuando Alberto Nisman present\u00f3 la denuncia contra la Presidenta por encubrimiento de los iran\u00edes acusados de participar del atentado a la AMIA, y luego cuando el fiscal aparareci\u00f3 muerto, los medios del mundo reflejan hoy la imputaci\u00f3n de Gerardo Pollicita a Cristina Kirchner.<\/p>\n<p>El Pa\u00eds de Madrid lleva en su portada la noticia como tema principal. \"El fiscal imputa a Fern\u00e1ndez por el caso que denunci\u00f3 Nisman\", dice la nota, escrita por el corresponsal del diario en Buenos Aires.<\/p>\n<p>Le Monde de Par\u00eds tambi\u00e9n consigna la noticia en su portada, aunque en la secci\u00f3n dedicada a los sucesos americanos. \"Luego de la muerte de Nisman, se mantienen las acusaciones contra la presidenta\", dice el matutino en su edici\u00f3n digital.<\/p>\n<p>Entre los diarios de Am\u00e9rica, se destacan las coberturas del carioca O'Globo, El Mercurio, de Santiago de Chile, y El Pa\u00eds de Montevido. \"Caso AMIA, el nuevo fiscal acusa a Cristina Kirchner\", dice O'Globo. El Mercurio consigna al tope de su p\u00e1gina que \"Imputan a Cristina Fern\u00e1ndez por denuncia que fiscal Nisman present\u00f3 antes de morir \" y el uruguayo informa que \"Imputaron a Cristina Fern\u00e1ndez por el Caso AMIA\".<\/p>\n","protected":false},"excerpt":{"rendered":"<p>Tal como ocurri\u00f3 el 14 de enero, cuando Alberto Nisman present\u00f3 la denuncia contra la Presidenta por encubrimiento de los iran\u00edes acusados de participar del atentado a la AMIA, y luego cuando el fiscal aparareci\u00f3 muerto, los medios del mundo reflejan hoy la imputaci\u00f3n de Gerardo Pollicita a Cristina Kirchner. El Pa\u00eds de Madrid lleva [&hellip;]<\/p>\n","protected":false},"author":1,"featured_media":16334,"comment_status":"open","ping_status":"open","sticky":false,"template":"","format":"standard","meta":{"_stopmodifiedupdate":false,"_modified_date":"","inline_featured_image":false,"spay_email":"","jetpack_publicize_message":""},"categories":[6],"tags":[],"jetpack_featured_media_url":"https:\/\/notinor.com\/jujuy\/wp-content\/uploads\/2015\/02\/el-pais-imputacion.jpg","jetpack_publicize_connections":[],"_links":{"self":[{"href":"https:\/\/notinor.com\/jujuy\/wp-json\/wp\/v2\/posts\/16333"}],"collection":[{"href":"https:\/\/notinor.com\/jujuy\/wp-json\/wp\/v2\/posts"}],"about":[{"href":"https:\/\/notinor.com\/jujuy\/wp-json\/wp\/v2\/types\/post"}],"author":[{"embeddable":true,"href":"https:\/\/notinor.com\/jujuy\/wp-json\/wp\/v2\/users\/1"}],"replies":[{"embeddable":true,"href":"https:\/\/notinor.com\/jujuy\/wp-json\/wp\/v2\/comments?post=16333"}],"version-history":[{"count":1,"href":"https:\/\/notinor.com\/jujuy\/wp-json\/wp\/v2\/posts\/16333\/revisions"}],"predecessor-version":[{"id":16335,"href":"https:\/\/notinor.com\/jujuy\/wp-json\/wp\/v2\/posts\/16333\/revisions\/16335"}],"wp:featuredmedia":[{"embeddable":true,"href":"https:\/\/notinor.com\/jujuy\/wp-json\/wp\/v2\/media\/16334"}],"wp:attachment":[{"href":"https:\/\/notinor.com\/jujuy\/wp-json\/wp\/v2\/media?parent=16333"}],"wp:term":[{"taxonomy":"category","embeddable":true,"href":"https:\/\/notinor.com\/jujuy\/wp-json\/wp\/v2\/categories?post=16333"},{"taxonomy":"post_tag","embeddable":true,"href":"https:\/\/notinor.com\/jujuy\/wp-json\/wp\/v2\/tags?post=16333"}],"curies":[{"name":"wp","href":"https:\/\/api.w.org\/{rel}","templated":true}]}}