{"id":16321,"date":"2015-02-14T00:02:18","date_gmt":"2015-02-14T03:02:18","guid":{"rendered":"http:\/\/notinor.com\/jujuy\/?p=16321"},"modified":"2015-02-13T21:49:55","modified_gmt":"2015-02-14T00:49:55","slug":"detienen-en-capital-federal-a-sujeto-buscado-por-homicidio-en-jujuy","status":"publish","type":"post","link":"https:\/\/notinor.com\/jujuy\/detienen-en-capital-federal-a-sujeto-buscado-por-homicidio-en-jujuy\/","title":{"rendered":"DETIENEN EN CAPITAL FEDERAL A SUJETO BUSCADO POR HOMICIDIO EN JUJUY"},"content":{"rendered":"<p>El s\u00e1bado de la semana pasada personal de la Divisi\u00f3n Homicidios procedi\u00f3 a la extradici\u00f3n de un sujeto desde la ciudad de Buenos Aires, conforme fue ordenado mediante exhorto del Juzgado de Instrucci\u00f3n N\u00ba 1 de Causas Ley 3584, a cargo del doctor Francisco Javier Ar\u00f3stegui.<\/p>\n<p>Cabe recordar que respecto al hecho imputado a este sujeto tuvo lugar en la ma\u00f1ana del lunes 01 de octubre de 2006, en un sector del barrio El Milagro de esta ciudad, donde una persona result\u00f3 herida con un arma, siendo el agresor el sujeto actualmente arrestado.<\/p>\n<p>La investigaci\u00f3n tendiente a la captura de este sujeto se mantuvo constante en todo este tiempo hasta que a principios de a\u00f1o el personal de la Divisi\u00f3n Homicidios obtuvo informaci\u00f3n sobre la posibilidad de que el fugitivo estar\u00eda en Buenos Aires.<\/p>\n<p>Ante esto el juez Ar\u00f3stegui ordeno profundizar la investigaci\u00f3n y de este modo contando con la colaboraci\u00f3n de la Divisi\u00f3n Homicidios de la Polic\u00eda Federal Argentina, el mi\u00e9rcoles 28 de enero se procedi\u00f3 a la detenci\u00f3n del imputado en esta causa que fue caratulada como Homicidio en grado de tentativa.<\/p>\n<p>Como consecuencia de esto, desde el Juzgado del doctor Ar\u00f3stegui, se libro el correspondiente exhorto para la extradici\u00f3n del imputado quien actualmente se encuentra alojado en la sede de la Brigada de Investigaciones, en calidad de detenido comunicado.<\/p>\n","protected":false},"excerpt":{"rendered":"<p>El s\u00e1bado de la semana pasada personal de la Divisi\u00f3n Homicidios procedi\u00f3 a la extradici\u00f3n de un sujeto desde la ciudad de Buenos Aires, conforme fue ordenado mediante exhorto del Juzgado de Instrucci\u00f3n N\u00ba 1 de Causas Ley 3584, a cargo del doctor Francisco Javier Ar\u00f3stegui. Cabe recordar que respecto al hecho imputado a este [&hellip;]<\/p>\n","protected":false},"author":1,"featured_media":4323,"comment_status":"open","ping_status":"open","sticky":false,"template":"","format":"standard","meta":{"_stopmodifiedupdate":false,"_modified_date":"","inline_featured_image":false},"categories":[3],"tags":[],"jetpack_featured_media_url":"https:\/\/notinor.com\/jujuy\/wp-content\/uploads\/2014\/11\/arrestado.jpg","_links":{"self":[{"href":"https:\/\/notinor.com\/jujuy\/wp-json\/wp\/v2\/posts\/16321"}],"collection":[{"href":"https:\/\/notinor.com\/jujuy\/wp-json\/wp\/v2\/posts"}],"about":[{"href":"https:\/\/notinor.com\/jujuy\/wp-json\/wp\/v2\/types\/post"}],"author":[{"embeddable":true,"href":"https:\/\/notinor.com\/jujuy\/wp-json\/wp\/v2\/users\/1"}],"replies":[{"embeddable":true,"href":"https:\/\/notinor.com\/jujuy\/wp-json\/wp\/v2\/comments?post=16321"}],"version-history":[{"count":1,"href":"https:\/\/notinor.com\/jujuy\/wp-json\/wp\/v2\/posts\/16321\/revisions"}],"predecessor-version":[{"id":16322,"href":"https:\/\/notinor.com\/jujuy\/wp-json\/wp\/v2\/posts\/16321\/revisions\/16322"}],"wp:featuredmedia":[{"embeddable":true,"href":"https:\/\/notinor.com\/jujuy\/wp-json\/wp\/v2\/media\/4323"}],"wp:attachment":[{"href":"https:\/\/notinor.com\/jujuy\/wp-json\/wp\/v2\/media?parent=16321"}],"wp:term":[{"taxonomy":"category","embeddable":true,"href":"https:\/\/notinor.com\/jujuy\/wp-json\/wp\/v2\/categories?post=16321"},{"taxonomy":"post_tag","embeddable":true,"href":"https:\/\/notinor.com\/jujuy\/wp-json\/wp\/v2\/tags?post=16321"}],"curies":[{"name":"wp","href":"https:\/\/api.w.org\/{rel}","templated":true}]}}