{"id":16309,"date":"2015-02-13T18:44:48","date_gmt":"2015-02-13T21:44:48","guid":{"rendered":"http:\/\/notinor.com\/jujuy\/?p=16309"},"modified":"2015-02-13T18:47:57","modified_gmt":"2015-02-13T21:47:57","slug":"viernes-13-judicial-ahora-imputaron-a-capitanich-alicia-kirchner-y-juan-manzur","status":"publish","type":"post","link":"https:\/\/notinor.com\/jujuy\/viernes-13-judicial-ahora-imputaron-a-capitanich-alicia-kirchner-y-juan-manzur\/","title":{"rendered":"Viernes 13 judicial:  ahora imputaron a Capitanich, Alicia Kirchner y Juan Manzur"},"content":{"rendered":"<p>El fiscal Di Lello abri\u00f3 una causa contra los funcionarios, y le pidi\u00f3 a la jueza Servini de Cubr\u00eda una serie de medidas de prueba para avanzar en la causa.<\/p>\n<p><a href=\"http:\/\/notinor.com\/jujuy\/wp-content\/uploads\/2015\/02\/viernes-13-judicial.jpg\"><img decoding=\"async\" loading=\"lazy\" class=\"wp-image-16310 aligncenter\" src=\"http:\/\/notinor.com\/jujuy\/wp-content\/uploads\/2015\/02\/viernes-13-judicial-300x291.jpg\" alt=\"viernes 13 judicial\" width=\"451\" height=\"437\" srcset=\"https:\/\/notinor.com\/jujuy\/wp-content\/uploads\/2015\/02\/viernes-13-judicial-300x291.jpg 300w, https:\/\/notinor.com\/jujuy\/wp-content\/uploads\/2015\/02\/viernes-13-judicial.jpg 650w\" sizes=\"(max-width: 451px) 100vw, 451px\" \/><\/a><\/p>\n<p>El jefe de Gabinete, Jorge Capitanich, y los ministros de Desarrollo Social y Salud, Alicia Kirchner y Juan Manzur, comenzaron a ser investigados por la muerte por desnutrici\u00f3n en Chaco de un ni\u00f1o de 7 a\u00f1os de la comunidad aborigen Qom.<\/p>\n<p>Fuentes judiciales informaron a DyN que el fiscal federal Jorge Di Lello imput\u00f3 a los funcionarios y le pidi\u00f3 a la jueza Mar\u00eda Servini de Cubr\u00eda una serie de medidas de prueba para avanzar en la causa.<\/p>\n<p>El funcionario judicial pidi\u00f3 investigar a los funcionarios por el delito de homicidio por comisi\u00f3n de omisi\u00f3n en la persona de Femen\u00eda, en concurso ideal con abandono de persona e incumplimiento de los deberes de funcionario p\u00fablico.<\/p>\n<p>Es por el caso de N\u00e9stor Femen\u00eda, un nene de Comunidad Qom de siete a\u00f1os que estaba desnutrido y enfermo de tuberculosis en Chaco, y que falleci\u00f3 el pasado 6 de enero en Chaco. El chico estaba internado en el Hospital Pedi\u00e1trico de Resistencia.<\/p>\n<p>Desde el Centro Nelson Mandela denunciaron en ese momento que la muerte del nene \"formar\u00e1 parte de las cifras negras de la salud, porque su muerte no ser\u00e1 registrada como derivaci\u00f3n de la tuberculosis y de la severa desnutrici\u00f3n que cursara en vida\".<\/p>\n","protected":false},"excerpt":{"rendered":"<p>El fiscal Di Lello abri\u00f3 una causa contra los funcionarios, y le pidi\u00f3 a la jueza Servini de Cubr\u00eda una serie de medidas de prueba para avanzar en la causa. El jefe de Gabinete, Jorge Capitanich, y los ministros de Desarrollo Social y Salud, Alicia Kirchner y Juan Manzur, comenzaron a ser investigados por la [&hellip;]<\/p>\n","protected":false},"author":1,"featured_media":16310,"comment_status":"open","ping_status":"open","sticky":false,"template":"","format":"standard","meta":{"_stopmodifiedupdate":false,"_modified_date":"","inline_featured_image":false},"categories":[5],"tags":[],"jetpack_featured_media_url":"https:\/\/notinor.com\/jujuy\/wp-content\/uploads\/2015\/02\/viernes-13-judicial.jpg","_links":{"self":[{"href":"https:\/\/notinor.com\/jujuy\/wp-json\/wp\/v2\/posts\/16309"}],"collection":[{"href":"https:\/\/notinor.com\/jujuy\/wp-json\/wp\/v2\/posts"}],"about":[{"href":"https:\/\/notinor.com\/jujuy\/wp-json\/wp\/v2\/types\/post"}],"author":[{"embeddable":true,"href":"https:\/\/notinor.com\/jujuy\/wp-json\/wp\/v2\/users\/1"}],"replies":[{"embeddable":true,"href":"https:\/\/notinor.com\/jujuy\/wp-json\/wp\/v2\/comments?post=16309"}],"version-history":[{"count":4,"href":"https:\/\/notinor.com\/jujuy\/wp-json\/wp\/v2\/posts\/16309\/revisions"}],"predecessor-version":[{"id":16314,"href":"https:\/\/notinor.com\/jujuy\/wp-json\/wp\/v2\/posts\/16309\/revisions\/16314"}],"wp:featuredmedia":[{"embeddable":true,"href":"https:\/\/notinor.com\/jujuy\/wp-json\/wp\/v2\/media\/16310"}],"wp:attachment":[{"href":"https:\/\/notinor.com\/jujuy\/wp-json\/wp\/v2\/media?parent=16309"}],"wp:term":[{"taxonomy":"category","embeddable":true,"href":"https:\/\/notinor.com\/jujuy\/wp-json\/wp\/v2\/categories?post=16309"},{"taxonomy":"post_tag","embeddable":true,"href":"https:\/\/notinor.com\/jujuy\/wp-json\/wp\/v2\/tags?post=16309"}],"curies":[{"name":"wp","href":"https:\/\/api.w.org\/{rel}","templated":true}]}}