{"id":162883,"date":"2018-03-08T06:58:12","date_gmt":"2018-03-08T09:58:12","guid":{"rendered":"http:\/\/notinor.com\/jujuy\/?p=162883"},"modified":"2018-03-08T06:58:12","modified_gmt":"2018-03-08T09:58:12","slug":"se-podria-dar-una-marcha-provincial-si-no-hay-respuestas-a-la-demanda-de-los-trabajadores","status":"publish","type":"post","link":"https:\/\/notinor.com\/jujuy\/se-podria-dar-una-marcha-provincial-si-no-hay-respuestas-a-la-demanda-de-los-trabajadores\/","title":{"rendered":"Se podr\u00eda dar una marcha provincial si no hay respuestas a la demanda de los trabajadores"},"content":{"rendered":"<p>En declaraciones a la prensa el titular de UPCN y legislador por el PJ, Luis Cabana, sostuvo que \u201cno hemos tenido convocatoria del poder Ejecutivo o del Ministerio de trabajo para revisar nuestras paritarias\u201d.<\/p>\n<p><img decoding=\"async\" loading=\"lazy\" class=\"alignnone size-medium wp-image-162884\" src=\"http:\/\/notinor.com\/jujuy\/wp-content\/uploads\/2018\/03\/luis-cabana-487x365.jpg\" alt=\"\" width=\"487\" height=\"365\" srcset=\"https:\/\/notinor.com\/jujuy\/wp-content\/uploads\/2018\/03\/luis-cabana-487x365.jpg 487w, https:\/\/notinor.com\/jujuy\/wp-content\/uploads\/2018\/03\/luis-cabana-768x576.jpg 768w, https:\/\/notinor.com\/jujuy\/wp-content\/uploads\/2018\/03\/luis-cabana-640x480.jpg 640w, https:\/\/notinor.com\/jujuy\/wp-content\/uploads\/2018\/03\/luis-cabana.jpg 800w\" sizes=\"(max-width: 487px) 100vw, 487px\" \/><\/p>\n<p>\u201cEs claro nuestro posicionamiento, ya lo hemos expresado mediante un documento desde el Frente Amplio Gremial a trav\u00e9s del acompa\u00f1amiento a los reclamos de los docentes considerando que ese 5 % es insuficiente\u201d, arremeti\u00f3.<\/p>\n<p>\u201cSi nos hacen el mismo ofrecimiento, por lo menos desde UPCN lo vamos a rechazar y teniendo en cuenta que est\u00e1 pendiente la cl\u00e1usula gatillo 2016 y 2017; que est\u00e1 plasmado en actas paritaria la cual se iban a tratar en septiembre y que nunca se trat\u00f3; \u00a0primero tenemos que recuperar el salario perdido en la porcentualidad para poder hablar del 2018.<\/p>\n<p>Al ser consultado de los porcentajes que deber\u00eda entrar en la Cl\u00e1usula Gatillo, Cabana dijo \u201cde forma inmediata en el 2016 10% y en el 2017 5,7%, es la pir\u00e1mide inflacionaria que tuvimos y la p\u00e9rdida que tuvo el salario por la inflaci\u00f3n del 2016 y en 2017\u201d\u00a0 y adem\u00e1s indic\u00f3 que \u201ccon respecto al 2018 la posici\u00f3n es que para empezar a hablar tenemos que tener un piso planteado desde el Gobierno de un 15%, que es lo que figura y plantea el presupuesto a nivel nacional y si supera el 15% la aplicaci\u00f3n autom\u00e1tica de la cl\u00e1usula gatillo o cl\u00e1usula de revisi\u00f3n promediando el a\u00f1o, seria en agosto, septiembre, a los efectos de ajustar los salarios a ritmo de la inflaci\u00f3n\u201d.<\/p>\n<p>Se habla de in 15% pero en tres tramos<\/p>\n<p>De los que hable todav\u00eda nosotros no tenemos nada concreto, ni los empleados p\u00fablicos nacionales ni los de la provincia; hay acuerdos que se han venido haciendo en otras provincias que se basa en el 15% y con distintas mec\u00e1nicas pero todas con cl\u00e1usula de revisi\u00f3n a partir de septiembre del mismo a\u00f1o, de nuestra parte habr\u00e1 que evaluarla, verla y tendr\u00edamos que sumarle el tema del piso salarial, el tema del blanqueo de los pagos en negro, el tema del pase a planta permanente de los trabajadores que siguen contratados.<\/p>\n<p><em><strong>Reducci\u00f3n de plata del estado<\/strong><\/em><\/p>\n<p>Se plantea una reducci\u00f3n del 25% o 30 % lo que es la planta del personal que esperemos que ac\u00e1 no se cumpla porque la realidad es absolutamente distinta, plantea tambi\u00e9n reducciones en otras \u00e1reas como la planta jerarqu\u00eda que espero que ah\u00ed si se cumpla, se ha crecido fuertemente la planta jerarqu\u00eda del Estado provincial.<\/p>\n<p>En fin muchos temas a discutir con el Gobierno que una vez nos convoque, esperemos que sea antes de que finalice este mes de marzo, para poder tener ya la realidad econ\u00f3mica a los trabajadores con los haberes de mayo y los retroactivos de febrero o enero.<\/p>\n<p><em><strong>Encuentros y reuniones en UPCN<\/strong><\/em><\/p>\n<p>Nosotros (hoy por ayer mi\u00e9rcoles) tenemos reuni\u00f3n de comisi\u00f3n directiva donde vamos a tratar el reemplazo del compa\u00f1ero que se ha ido; aspira a ser secretario general de las elecciones de este a\u00f1o; vamos a hacer el reemplazado para cubrir el cargo de la Secretar\u00eda gremial hasta que cumplamos nuestro mandato al 31 de octubre del 2018. Ah\u00ed tambi\u00e9n vamos a evaluar todo el trabajo gremial y el 15 de marzo UPCN va a tener un plenario de delegado de toda la provincia, m\u00e1s de 400 delegados, y si no hay convocatoria definiremos los pasos a seguir.<\/p>\n<p>\u00bfVan a salir a las calles?<\/p>\n<p>Y esto es obvio, obvio que vamos a movilizar y esto no va a ser una movilizaci\u00f3n \u00fanicamente de UPCN, esto nos lleva al conjunto de acciones de todas las entidades gremiales que disponemos el Frente Amplio Gremial incluido los docentes. Entonces est\u00e1 marcha provincial se puede concretar en poco tiempo m\u00e1s si no hay respuesta concretas a la demanda de los trabajadores, finaliz\u00f3.<\/p>\n","protected":false},"excerpt":{"rendered":"<p>En declaraciones a la prensa el titular de UPCN y legislador por el PJ, Luis Cabana, sostuvo que \u201cno hemos tenido convocatoria del poder Ejecutivo o del Ministerio de trabajo para revisar nuestras paritarias\u201d. \u201cEs claro nuestro posicionamiento, ya lo hemos expresado mediante un documento desde el Frente Amplio Gremial a trav\u00e9s del acompa\u00f1amiento a [&hellip;]<\/p>\n","protected":false},"author":1,"featured_media":162884,"comment_status":"open","ping_status":"open","sticky":false,"template":"","format":"standard","meta":{"_stopmodifiedupdate":false,"_modified_date":"","inline_featured_image":false,"spay_email":"","jetpack_publicize_message":""},"categories":[2],"tags":[],"jetpack_featured_media_url":"https:\/\/notinor.com\/jujuy\/wp-content\/uploads\/2018\/03\/luis-cabana.jpg","jetpack_publicize_connections":[],"_links":{"self":[{"href":"https:\/\/notinor.com\/jujuy\/wp-json\/wp\/v2\/posts\/162883"}],"collection":[{"href":"https:\/\/notinor.com\/jujuy\/wp-json\/wp\/v2\/posts"}],"about":[{"href":"https:\/\/notinor.com\/jujuy\/wp-json\/wp\/v2\/types\/post"}],"author":[{"embeddable":true,"href":"https:\/\/notinor.com\/jujuy\/wp-json\/wp\/v2\/users\/1"}],"replies":[{"embeddable":true,"href":"https:\/\/notinor.com\/jujuy\/wp-json\/wp\/v2\/comments?post=162883"}],"version-history":[{"count":1,"href":"https:\/\/notinor.com\/jujuy\/wp-json\/wp\/v2\/posts\/162883\/revisions"}],"predecessor-version":[{"id":162885,"href":"https:\/\/notinor.com\/jujuy\/wp-json\/wp\/v2\/posts\/162883\/revisions\/162885"}],"wp:featuredmedia":[{"embeddable":true,"href":"https:\/\/notinor.com\/jujuy\/wp-json\/wp\/v2\/media\/162884"}],"wp:attachment":[{"href":"https:\/\/notinor.com\/jujuy\/wp-json\/wp\/v2\/media?parent=162883"}],"wp:term":[{"taxonomy":"category","embeddable":true,"href":"https:\/\/notinor.com\/jujuy\/wp-json\/wp\/v2\/categories?post=162883"},{"taxonomy":"post_tag","embeddable":true,"href":"https:\/\/notinor.com\/jujuy\/wp-json\/wp\/v2\/tags?post=162883"}],"curies":[{"name":"wp","href":"https:\/\/api.w.org\/{rel}","templated":true}]}}