{"id":162872,"date":"2018-03-08T06:42:43","date_gmt":"2018-03-08T09:42:43","guid":{"rendered":"http:\/\/notinor.com\/jujuy\/?p=162872"},"modified":"2018-03-08T06:43:15","modified_gmt":"2018-03-08T09:43:15","slug":"recuperan-moto-robada-en-alto-comedero","status":"publish","type":"post","link":"https:\/\/notinor.com\/jujuy\/recuperan-moto-robada-en-alto-comedero\/","title":{"rendered":"Recuperan moto robada en Alto Comedero"},"content":{"rendered":"<p>En denuncia radicada en la citada seccional por parte de un joven de 20 a\u00f1os de edad, donde el mismo refiri\u00f3 que en momentos que circulaba a bordo de una motocicleta por avenida Fuerza A\u00e9rea a tempranas horas del domingo, fue interceptado por cuatros sujetos, quienes previo agredirlo f\u00edsicamente le sustrajeron su rodado de marca Gilera Smash, de 110 cc de cilindrada.<\/p>\n<p><img decoding=\"async\" loading=\"lazy\" class=\"alignnone size-medium wp-image-162873\" src=\"http:\/\/notinor.com\/jujuy\/wp-content\/uploads\/2018\/03\/Foto-recuperada-en-San-Pedro-650x365.jpg\" alt=\"\" width=\"650\" height=\"365\" srcset=\"https:\/\/notinor.com\/jujuy\/wp-content\/uploads\/2018\/03\/Foto-recuperada-en-San-Pedro-650x365.jpg 650w, https:\/\/notinor.com\/jujuy\/wp-content\/uploads\/2018\/03\/Foto-recuperada-en-San-Pedro-500x280.jpg 500w, https:\/\/notinor.com\/jujuy\/wp-content\/uploads\/2018\/03\/Foto-recuperada-en-San-Pedro-768x431.jpg 768w, https:\/\/notinor.com\/jujuy\/wp-content\/uploads\/2018\/03\/Foto-recuperada-en-San-Pedro-840x472.jpg 840w, https:\/\/notinor.com\/jujuy\/wp-content\/uploads\/2018\/03\/Foto-recuperada-en-San-Pedro.jpg 1040w\" sizes=\"(max-width: 650px) 100vw, 650px\" \/><\/p>\n<p>En tal sentido tras tareas investigativas efectuadas por los efectivos policiales de dicha dependencia, como as\u00ed tambi\u00e9n en colaboraci\u00f3n de vecinos del barrio \u00c9xodo y familiares del damnificado, se pudo determinar que el rodado en cuesti\u00f3n se encontrar\u00eda en un inmueble ubicado en un tramo de la calle Bah\u00eda Para\u00edso. De este modo se dio participaci\u00f3n a la Fiscal\u00eda de Turno, adem\u00e1s se solicit\u00f3 la correspondiente orden de allanamiento.<\/p>\n<p>Alrededor de la 19:00, personal policial llev\u00f3 a cabo el registro domiciliario, donde se logr\u00f3 encontrar la motocicleta en las mismas condiciones en la que fue robada. En consecuencia los polic\u00edas contin\u00faan con la investigaci\u00f3n del caso, para dar con la pronta aprehensi\u00f3n de los autores del hecho.<\/p>\n","protected":false},"excerpt":{"rendered":"<p>En denuncia radicada en la citada seccional por parte de un joven de 20 a\u00f1os de edad, donde el mismo refiri\u00f3 que en momentos que circulaba a bordo de una motocicleta por avenida Fuerza A\u00e9rea a tempranas horas del domingo, fue interceptado por cuatros sujetos, quienes previo agredirlo f\u00edsicamente le sustrajeron su rodado de marca [&hellip;]<\/p>\n","protected":false},"author":1,"featured_media":162873,"comment_status":"open","ping_status":"open","sticky":false,"template":"","format":"standard","meta":{"_stopmodifiedupdate":false,"_modified_date":"","inline_featured_image":false,"spay_email":"","jetpack_publicize_message":""},"categories":[3],"tags":[],"jetpack_featured_media_url":"https:\/\/notinor.com\/jujuy\/wp-content\/uploads\/2018\/03\/Foto-recuperada-en-San-Pedro.jpg","jetpack_publicize_connections":[],"_links":{"self":[{"href":"https:\/\/notinor.com\/jujuy\/wp-json\/wp\/v2\/posts\/162872"}],"collection":[{"href":"https:\/\/notinor.com\/jujuy\/wp-json\/wp\/v2\/posts"}],"about":[{"href":"https:\/\/notinor.com\/jujuy\/wp-json\/wp\/v2\/types\/post"}],"author":[{"embeddable":true,"href":"https:\/\/notinor.com\/jujuy\/wp-json\/wp\/v2\/users\/1"}],"replies":[{"embeddable":true,"href":"https:\/\/notinor.com\/jujuy\/wp-json\/wp\/v2\/comments?post=162872"}],"version-history":[{"count":1,"href":"https:\/\/notinor.com\/jujuy\/wp-json\/wp\/v2\/posts\/162872\/revisions"}],"predecessor-version":[{"id":162875,"href":"https:\/\/notinor.com\/jujuy\/wp-json\/wp\/v2\/posts\/162872\/revisions\/162875"}],"wp:featuredmedia":[{"embeddable":true,"href":"https:\/\/notinor.com\/jujuy\/wp-json\/wp\/v2\/media\/162873"}],"wp:attachment":[{"href":"https:\/\/notinor.com\/jujuy\/wp-json\/wp\/v2\/media?parent=162872"}],"wp:term":[{"taxonomy":"category","embeddable":true,"href":"https:\/\/notinor.com\/jujuy\/wp-json\/wp\/v2\/categories?post=162872"},{"taxonomy":"post_tag","embeddable":true,"href":"https:\/\/notinor.com\/jujuy\/wp-json\/wp\/v2\/tags?post=162872"}],"curies":[{"name":"wp","href":"https:\/\/api.w.org\/{rel}","templated":true}]}}