{"id":162837,"date":"2018-03-08T07:00:44","date_gmt":"2018-03-08T10:00:44","guid":{"rendered":"http:\/\/notinor.com\/jujuy\/?p=162837"},"modified":"2018-03-07T22:56:32","modified_gmt":"2018-03-08T01:56:32","slug":"el-futuro-embajador-de-eeuu-en-argentina-quiere-ayudar-a-resolver-la-muerte-del-fiscal","status":"publish","type":"post","link":"https:\/\/notinor.com\/jujuy\/el-futuro-embajador-de-eeuu-en-argentina-quiere-ayudar-a-resolver-la-muerte-del-fiscal\/","title":{"rendered":"El futuro embajador de EEUU en Argentina quiere ayudar a resolver la muerte del fiscal"},"content":{"rendered":"<p><img decoding=\"async\" loading=\"lazy\" class=\"alignnone size-medium wp-image-162841\" src=\"http:\/\/notinor.com\/jujuy\/wp-content\/uploads\/2018\/03\/juez-prado-531x365.jpg\" alt=\"\" width=\"531\" height=\"365\" srcset=\"https:\/\/notinor.com\/jujuy\/wp-content\/uploads\/2018\/03\/juez-prado-531x365.jpg 531w, https:\/\/notinor.com\/jujuy\/wp-content\/uploads\/2018\/03\/juez-prado-699x480.jpg 699w, https:\/\/notinor.com\/jujuy\/wp-content\/uploads\/2018\/03\/juez-prado.jpg 728w\" sizes=\"(max-width: 531px) 100vw, 531px\" \/><\/p>\n<p>En una sala colmada en el Congreso estadounidense, Edward Prado, el juez texano nominado por el presidente Donald Trump para ser el futuro embajador en la Argentina, pas\u00f3 con tranquilidad su primera prueba para ocupar la vacante que dej\u00f3 Noah Mamet hace ya m\u00e1s de un a\u00f1o. \u201cEspero convencerlos de que mi carrera como juez, mi \u00e9tica de trabajo y mi capacidad de decisi\u00f3n me califican para ser la voz de Estados Unidos en Argentina\u201d, se\u00f1al\u00f3 Prado. Dijo que tiene amigos en la comunidad legal de nuestro pa\u00eds y que ayudar\u00e1 en lo que pueda al fortalecimiento del sistema judicial argentino, la resoluci\u00f3n del caso AMIA y el de la muerte del fiscal Alberto Nisman.<\/p>\n<p>La exposici\u00f3n de Prado se desarroll\u00f3 ante el comit\u00e9 de Relaciones Exteriores del Senado, que debe dar su visto bueno para que luego la C\u00e1mara Alta otorgue la aprobaci\u00f3n definitiva. La audiencia fue presidida por Marco Rubio, senador por Florida. El nominado es un juez federal con una carrera judicial de m\u00e1s de 35 a\u00f1os, que conoce la Argentina y que habla espa\u00f1ol con fluidez.<\/p>\n<p>En su presentaci\u00f3n ante el comit\u00e9, Prado afirm\u00f3 que viaj\u00f3 a la Argentina varias veces para participar en seminarios y presentaciones y que hizo \u201cmuchos amigos en la comunidad legal\u201d de nuestro pa\u00eds. Aunque no los mencion\u00f3, se sabe que tiene relaciones con el ministro de Justicia, German Garavano, y jueces federales como Juli\u00e1n Ercolini o la jueza de la Corte Suprema Elena Highton de Nolasco, entre otros.<\/p>\n<p>\u201cS\u00e9 lo importante que es un poder judicial fuerte e independiente\u201d para la consolidaci\u00f3n democr\u00e1tica de un pa\u00eds, dijo Prado. \u201cMi objetivo es continuar trabajando con los abogados y con los jueces de Argentina para mejorar el sistema judicial y fortalecer la confianza de los ciudadanos argentinos en el sistema judicial\u201d, expres\u00f3.<\/p>\n<p>Tambi\u00e9n se\u00f1al\u00f3 que apoyar\u00e1 a las distintas agencias estadounidenses que ayudan a la Argentina en la lucha contra el crimen organizado y a promover la seguridad ante la amenaza del terrorismo. En otro orden, asegur\u00f3 que espera contribuir a extender las oportunidades para los negocios estadounidenses en la Argentina y para \u201cincrementar la relaci\u00f3n comercial bilateral\u201d.<\/p>\n<p>Al presentar a Prado, el senador republicano por Texas, John Cornyn, destac\u00f3 que ten\u00eda una \u201cexperiencia incre\u00edble\u201d en el \u00e1rea judicial. En el \u00e1mbito personal cont\u00f3 que Prado \u201ces popular, filoso y divertido\u201d, dijo. Se\u00f1al\u00f3 que se cri\u00f3 en un barrio latino de San Antonio, Texas, que habla espa\u00f1ol con fluidez e incluso mencion\u00f3 que sus ancestros hispanos se remontan a 1700. Prado arranc\u00f3 con un fuerte respaldo porque Cornyn es uno de los l\u00edderes del comit\u00e9.<\/p>\n<p>En una ronda de preguntas y respuestas, Rubio y el senador dem\u00f3crata Ben Cardin sacaron el tema del atentado contra la embajada israel\u00ed y la AMIA y la muerte de Nisman, dos cuestiones que preocupan desde hace a\u00f1os a los congresistas estadounidenses.<\/p>\n<p>Prado expres\u00f3 que la administraci\u00f3n de Mauricio Macri \u201cpuso el foco en la investigaci\u00f3n de estos horribles actos terroristas\u201d y que el Gobierno est\u00e1 avanzando en la investigaci\u00f3n del asesinato de Alberto Nisman. \u201cOjal\u00e1 pueda ayudar en este proceso en todo lo que se pueda con toda la asistencia que podamos brindar\u201d, apunt\u00f3. Tambi\u00e9n le preguntaron por la crisis venezolana. Prado advirti\u00f3 que el Gobierno est\u00e1 \u201ccomprometido\u201d en ayudar a resolver esa situaci\u00f3n y que iba a hacer \u201clo posible para apoyar\u201d esos esfuerzos.<\/p>\n<p>Se estima que esta nominaci\u00f3n ser\u00e1 aprobada sin dificultades, ya que el partido republicano tiene mayor\u00eda en el Senado y las credenciales conservadoras moderadas de Prado dar\u00e1n garant\u00edas a los legisladores.<\/p>\n<p>No sucedi\u00f3 lo mismo con el \u00faltimo embajador Noah Mamet, un donante dem\u00f3crata sin experiencia pol\u00edtica, que fue confirmado luego de un largo proceso que dur\u00f3 m\u00e1s de un a\u00f1o, porque los republicanos no lo consideraban id\u00f3neo para el cargo.<\/p>\n","protected":false},"excerpt":{"rendered":"<p>En una sala colmada en el Congreso estadounidense, Edward Prado, el juez texano nominado por el presidente Donald Trump para ser el futuro embajador en la Argentina, pas\u00f3 con tranquilidad su primera prueba para ocupar la vacante que dej\u00f3 Noah Mamet hace ya m\u00e1s de un a\u00f1o. \u201cEspero convencerlos de que mi carrera como juez, [&hellip;]<\/p>\n","protected":false},"author":1,"featured_media":162841,"comment_status":"open","ping_status":"open","sticky":false,"template":"","format":"standard","meta":{"_stopmodifiedupdate":false,"_modified_date":"","inline_featured_image":false,"spay_email":"","jetpack_publicize_message":""},"categories":[5,501],"tags":[],"jetpack_featured_media_url":"https:\/\/notinor.com\/jujuy\/wp-content\/uploads\/2018\/03\/juez-prado.jpg","jetpack_publicize_connections":[],"_links":{"self":[{"href":"https:\/\/notinor.com\/jujuy\/wp-json\/wp\/v2\/posts\/162837"}],"collection":[{"href":"https:\/\/notinor.com\/jujuy\/wp-json\/wp\/v2\/posts"}],"about":[{"href":"https:\/\/notinor.com\/jujuy\/wp-json\/wp\/v2\/types\/post"}],"author":[{"embeddable":true,"href":"https:\/\/notinor.com\/jujuy\/wp-json\/wp\/v2\/users\/1"}],"replies":[{"embeddable":true,"href":"https:\/\/notinor.com\/jujuy\/wp-json\/wp\/v2\/comments?post=162837"}],"version-history":[{"count":2,"href":"https:\/\/notinor.com\/jujuy\/wp-json\/wp\/v2\/posts\/162837\/revisions"}],"predecessor-version":[{"id":162842,"href":"https:\/\/notinor.com\/jujuy\/wp-json\/wp\/v2\/posts\/162837\/revisions\/162842"}],"wp:featuredmedia":[{"embeddable":true,"href":"https:\/\/notinor.com\/jujuy\/wp-json\/wp\/v2\/media\/162841"}],"wp:attachment":[{"href":"https:\/\/notinor.com\/jujuy\/wp-json\/wp\/v2\/media?parent=162837"}],"wp:term":[{"taxonomy":"category","embeddable":true,"href":"https:\/\/notinor.com\/jujuy\/wp-json\/wp\/v2\/categories?post=162837"},{"taxonomy":"post_tag","embeddable":true,"href":"https:\/\/notinor.com\/jujuy\/wp-json\/wp\/v2\/tags?post=162837"}],"curies":[{"name":"wp","href":"https:\/\/api.w.org\/{rel}","templated":true}]}}