{"id":162812,"date":"2018-03-08T07:00:33","date_gmt":"2018-03-08T10:00:33","guid":{"rendered":"http:\/\/notinor.com\/jujuy\/?p=162812"},"modified":"2018-03-07T22:41:45","modified_gmt":"2018-03-08T01:41:45","slug":"ahora-berlusconi-apoya-al-lider-de-la-derecha-xenofoba","status":"publish","type":"post","link":"https:\/\/notinor.com\/jujuy\/ahora-berlusconi-apoya-al-lider-de-la-derecha-xenofoba\/","title":{"rendered":"Ahora Berlusconi apoya al l\u00edder de la derecha xen\u00f3foba"},"content":{"rendered":"<p><img decoding=\"async\" loading=\"lazy\" class=\"alignnone size-full wp-image-162816\" src=\"http:\/\/notinor.com\/jujuy\/wp-content\/uploads\/2018\/03\/BERLUSCONI-SALVINI.jpg\" alt=\"\" width=\"635\" height=\"357\" srcset=\"https:\/\/notinor.com\/jujuy\/wp-content\/uploads\/2018\/03\/BERLUSCONI-SALVINI.jpg 635w, https:\/\/notinor.com\/jujuy\/wp-content\/uploads\/2018\/03\/BERLUSCONI-SALVINI-500x280.jpg 500w\" sizes=\"(max-width: 635px) 100vw, 635px\" \/><\/p>\n<p>El l\u00edder de la ultraderechista Liga, Matteo Salvini, deber\u00eda ser el pr\u00f3ximo primer ministro de Italia, asegur\u00f3 en una entrevista el ex jefe de Gobierno conservador e impulsor de la alianza de centro-derecha Silvio Berlusconi.<\/p>\n<p>Salvini, de 44 a\u00f1os, asumi\u00f3 el liderazgo de la alianza parlamentaria despu\u00e9s de que su partido xen\u00f3fobo Liga consiguiera m\u00e1s votos que el partido Forza Italia de Berlusconi dentro de esa coalici\u00f3n de centro-derecha, en las elecciones generales del domingo. \u201cVamos a apoyar lealmente el intento de formar Gobierno. Estoy convencido de que tendr\u00e1 \u00e9xito: por mi parte, lo voy a apoyar\u201d, dijo Berlusconi, de 81 a\u00f1os, en declaraciones al diario Corriere della Sera.<\/p>\n<p>Con el 99,9 por ciento de los votos escrutados, la alianza parlamentaria obtuvo m\u00e1s del 37 por ciento de los votos, de los cuales el 17 por ciento fue para la Liga, frente al 14 por ciento de Forza Italia de Berlusconi.<\/p>\n<p>No obstante, ese resultado no otorga a la coalici\u00f3n de centro derecha la mayor\u00eda suficiente para Gobernar: en la C\u00e1mara de Diputados (de 630 esca\u00f1os) le faltar\u00edan 49 y en el Senado (de 315 bancas), 22, seg\u00fan las proyecciones no oficiales de la web pol\u00edtica YouTrend.<\/p>\n<p>El partido antisistema Movimiento Cinco Estrellas (M5S) fue sin embargo el partido m\u00e1s votado en solitario, con cerca de un 32 por ciento del voto, pero le faltan 88 esca\u00f1os para conseguir una mayor\u00eda en la C\u00e1mara de Diptuados y el apoyo de otros 45 senadores para tener mayor\u00eda en la C\u00e1mara Alta.<\/p>\n<p>El resultado supone que el gran perdedor de los comicios el domingo, el gobernante Partido Dem\u00f3crata (PD, centro-izquierda) tiene ahora la llave para formar Gobierno, pues su apoyo es crucial tanto para la coalici\u00f3n de centro derecha como para M5S. La duda ahora de los socialdem\u00f3cratas es si pasar a la oposici\u00f3n o pactar con los rivales. Su l\u00edder, Matteo Renzi, anunci\u00f3 que dejaba el partido, pero pretende quedarse hasta que se forme Gobierno, lo que provoc\u00f3 un fuerte debate dentro de sus filas. Renzi dijo que analizar\u00e1 las perspectivas el lunes.<\/p>\n<p>En tanto, las bases del partido han comenzado la campa\u00f1a #senzadime (sin m\u00ed) en Twitter contra un posible Gobierno de alianza con el M5S, postura que tambi\u00e9n defiende Renzi.<\/p>\n<p>Con todo, el Movimiento Cinco Estrellas ya busca apoyos en el Partido Dem\u00f3crata y su l\u00edder, Luigi di Maio, reclam\u00f3 ayer a sus rivales \u201cresponsabilidad\u201d y no \u201cteatrillos\u201d para cambiar el pa\u00eds. El candidato del M5S se dio su primer ba\u00f1o de masas tras los comicios del domingo y lo hizo en su tierra natal, la localidad napolitana de Pomigliano D\u2019Arco, ante cuyos vecinos proclam\u00f3: \u201cEstamos inevitablemente proyectados hacia el Gobierno\u201d.<\/p>\n<p>Pero para ello el M5S, en primer lugar tendr\u00e1 que recibir el encargo de formar gobierno y, despu\u00e9s, buscar apoyos con los que tener la mayor\u00eda absoluta necesaria, situada en 316 esca\u00f1os en la C\u00e1mara de Diputados, y 158 en el Senado.<\/p>\n<p>Di Maio public\u00f3 ayer una carta en el diario La Repubblica en la que, en tono conciliador, ped\u00eda el apoyo del resto de partidos que deseen sumarse a su planeada \u201crevoluci\u00f3n copernicana\u201d, basada en la transparencia pol\u00edtica y la lucha contra las desigualdades.<\/p>\n<p>\u201cEl Gobierno se podr\u00eda construir a base de convergencias en temas. Todas las fuerzas pol\u00edticas deben manifestar responsabilidad en ese sentido. No es posible que ahora inicien teatrillos, juegos o estrategias a lo House of Cards\u201d, consider\u00f3 el joven candidato.<\/p>\n<p>En este sentido asegur\u00f3 que su objetivo en un posible Ejecutivo ser\u00e1 \u201cponer a los ciudadanos en el centro\u201d despu\u00e9s de a\u00f1os en los que los partidos tradicionales pujaron por sus propios intereses y apost\u00f3 por involucrar a la gente en la toma de decisiones.<\/p>\n<p>\u201cAhora juntos tenemos la hist\u00f3rica ocasi\u00f3n de cambiar Italia. Yo no quiero perderla y quien ha elegido obstaculizar a toda costa el cambio, que lo haga, pero que sepa que no se puede detener el viento con las manos y que, a pesar de todo, cambiaremos Italia\u201d, advirti\u00f3.<\/p>\n<p>En la b\u00fasqueda de esos apoyos, todo parece indicar que el primer camino que tomar\u00e1 Di Maio ser\u00e1 arrimarse al centroizquierda del Partido Dem\u00f3crata.<\/p>\n","protected":false},"excerpt":{"rendered":"<p>El l\u00edder de la ultraderechista Liga, Matteo Salvini, deber\u00eda ser el pr\u00f3ximo primer ministro de Italia, asegur\u00f3 en una entrevista el ex jefe de Gobierno conservador e impulsor de la alianza de centro-derecha Silvio Berlusconi. Salvini, de 44 a\u00f1os, asumi\u00f3 el liderazgo de la alianza parlamentaria despu\u00e9s de que su partido xen\u00f3fobo Liga consiguiera m\u00e1s [&hellip;]<\/p>\n","protected":false},"author":1,"featured_media":162816,"comment_status":"open","ping_status":"open","sticky":false,"template":"","format":"standard","meta":{"_stopmodifiedupdate":false,"_modified_date":"","inline_featured_image":false,"spay_email":"","jetpack_publicize_message":""},"categories":[6],"tags":[],"jetpack_featured_media_url":"https:\/\/notinor.com\/jujuy\/wp-content\/uploads\/2018\/03\/BERLUSCONI-SALVINI.jpg","jetpack_publicize_connections":[],"_links":{"self":[{"href":"https:\/\/notinor.com\/jujuy\/wp-json\/wp\/v2\/posts\/162812"}],"collection":[{"href":"https:\/\/notinor.com\/jujuy\/wp-json\/wp\/v2\/posts"}],"about":[{"href":"https:\/\/notinor.com\/jujuy\/wp-json\/wp\/v2\/types\/post"}],"author":[{"embeddable":true,"href":"https:\/\/notinor.com\/jujuy\/wp-json\/wp\/v2\/users\/1"}],"replies":[{"embeddable":true,"href":"https:\/\/notinor.com\/jujuy\/wp-json\/wp\/v2\/comments?post=162812"}],"version-history":[{"count":1,"href":"https:\/\/notinor.com\/jujuy\/wp-json\/wp\/v2\/posts\/162812\/revisions"}],"predecessor-version":[{"id":162818,"href":"https:\/\/notinor.com\/jujuy\/wp-json\/wp\/v2\/posts\/162812\/revisions\/162818"}],"wp:featuredmedia":[{"embeddable":true,"href":"https:\/\/notinor.com\/jujuy\/wp-json\/wp\/v2\/media\/162816"}],"wp:attachment":[{"href":"https:\/\/notinor.com\/jujuy\/wp-json\/wp\/v2\/media?parent=162812"}],"wp:term":[{"taxonomy":"category","embeddable":true,"href":"https:\/\/notinor.com\/jujuy\/wp-json\/wp\/v2\/categories?post=162812"},{"taxonomy":"post_tag","embeddable":true,"href":"https:\/\/notinor.com\/jujuy\/wp-json\/wp\/v2\/tags?post=162812"}],"curies":[{"name":"wp","href":"https:\/\/api.w.org\/{rel}","templated":true}]}}