{"id":16262,"date":"2015-02-13T09:16:19","date_gmt":"2015-02-13T12:16:19","guid":{"rendered":"http:\/\/notinor.com\/jujuy\/?p=16262"},"modified":"2015-02-13T09:16:19","modified_gmt":"2015-02-13T12:16:19","slug":"lamas-primitivo-q-e-p-d","status":"publish","type":"post","link":"https:\/\/notinor.com\/jujuy\/lamas-primitivo-q-e-p-d\/","title":{"rendered":"LAMAS, Primitivo (Q.E.P.D.)"},"content":{"rendered":"<p>Falleci\u00f3 el d\u00eda 12 de febrero de 2015 a hs. 15:45. C.A.S.R. y B.P. a la edad de 89 a\u00f1os. Sus hijos Norma Lamas, Yolanda Lamas, Ra\u00fal Lamas, Alfredo Lamas; sus nietos; sus bisnietos y dem\u00e1s familiares comunican a sus amistades y personas piadosas que sus restos mortales ser\u00e1n inhumados hoy 13 de febrero a hs- 16:00 en el cementerio Virgen de Paypaya. Ruegan elevar una oraci\u00f3n en su memoria. Casa de duelo Av. Libertad 160, barrio San Martin, Palpala. Servicio empresa Servicios Sociales Futuro srl. Ram\u00edrez de Velazco 137. Jujuy. Tel 0388-4240090-4232086.<\/p>\n","protected":false},"excerpt":{"rendered":"<p>Falleci\u00f3 el d\u00eda 12 de febrero de 2015 a hs. 15:45. C.A.S.R. y B.P. a la edad de 89 a\u00f1os. Sus hijos Norma Lamas, Yolanda Lamas, Ra\u00fal Lamas, Alfredo Lamas; sus nietos; sus bisnietos y dem\u00e1s familiares comunican a sus amistades y personas piadosas que sus restos mortales ser\u00e1n inhumados hoy 13 de febrero a [&hellip;]<\/p>\n","protected":false},"author":5,"featured_media":15550,"comment_status":"open","ping_status":"open","sticky":false,"template":"","format":"standard","meta":{"_stopmodifiedupdate":false,"_modified_date":"","inline_featured_image":false,"spay_email":"","jetpack_publicize_message":""},"categories":[18],"tags":[],"jetpack_featured_media_url":"https:\/\/notinor.com\/jujuy\/wp-content\/uploads\/2015\/02\/Obituarios.jpg","jetpack_publicize_connections":[],"_links":{"self":[{"href":"https:\/\/notinor.com\/jujuy\/wp-json\/wp\/v2\/posts\/16262"}],"collection":[{"href":"https:\/\/notinor.com\/jujuy\/wp-json\/wp\/v2\/posts"}],"about":[{"href":"https:\/\/notinor.com\/jujuy\/wp-json\/wp\/v2\/types\/post"}],"author":[{"embeddable":true,"href":"https:\/\/notinor.com\/jujuy\/wp-json\/wp\/v2\/users\/5"}],"replies":[{"embeddable":true,"href":"https:\/\/notinor.com\/jujuy\/wp-json\/wp\/v2\/comments?post=16262"}],"version-history":[{"count":1,"href":"https:\/\/notinor.com\/jujuy\/wp-json\/wp\/v2\/posts\/16262\/revisions"}],"predecessor-version":[{"id":16263,"href":"https:\/\/notinor.com\/jujuy\/wp-json\/wp\/v2\/posts\/16262\/revisions\/16263"}],"wp:featuredmedia":[{"embeddable":true,"href":"https:\/\/notinor.com\/jujuy\/wp-json\/wp\/v2\/media\/15550"}],"wp:attachment":[{"href":"https:\/\/notinor.com\/jujuy\/wp-json\/wp\/v2\/media?parent=16262"}],"wp:term":[{"taxonomy":"category","embeddable":true,"href":"https:\/\/notinor.com\/jujuy\/wp-json\/wp\/v2\/categories?post=16262"},{"taxonomy":"post_tag","embeddable":true,"href":"https:\/\/notinor.com\/jujuy\/wp-json\/wp\/v2\/tags?post=16262"}],"curies":[{"name":"wp","href":"https:\/\/api.w.org\/{rel}","templated":true}]}}