{"id":16256,"date":"2015-02-13T09:08:55","date_gmt":"2015-02-13T12:08:55","guid":{"rendered":"http:\/\/notinor.com\/jujuy\/?p=16256"},"modified":"2015-02-13T09:08:55","modified_gmt":"2015-02-13T12:08:55","slug":"vilca-rodolfo-raul-q-e-p-d","status":"publish","type":"post","link":"https:\/\/notinor.com\/jujuy\/vilca-rodolfo-raul-q-e-p-d\/","title":{"rendered":"VILCA, Rodolfo Ra\u00fal (Q.E.P.D.)"},"content":{"rendered":"<p>Falleci\u00f3 el d\u00eda\/ 11 de febrero de 2015. C.A.S.R. y B.P. a la edad de 74 a\u00f1os. Su esposa Ana Mar\u00eda Quispe; sus hijos Sergio Antonio Vilte; su hija pol\u00edtica Rosana Catalay hija; sus nietos Romina Mariel, Cintia Bel\u00e9n, Brenda Estefan\u00eda, Sergio Joaqu\u00edn; su hermana Esperanza Vilca, Juan Rivero; sus primos; sus sobrinos y dem\u00e1s familiares participan con profundo dolor de tan irreparable p\u00e9rdida y comunican que sus restos fueron \u00a0fueron inhumados ayer 12 de febrero. Servicio realizado por empresa Cocher\u00eda La Paz, Alvear 562. San Salvador de Jujuy. Tel 0388-4223559.<\/p>\n","protected":false},"excerpt":{"rendered":"<p>Falleci\u00f3 el d\u00eda\/ 11 de febrero de 2015. C.A.S.R. y B.P. a la edad de 74 a\u00f1os. Su esposa Ana Mar\u00eda Quispe; sus hijos Sergio Antonio Vilte; su hija pol\u00edtica Rosana Catalay hija; sus nietos Romina Mariel, Cintia Bel\u00e9n, Brenda Estefan\u00eda, Sergio Joaqu\u00edn; su hermana Esperanza Vilca, Juan Rivero; sus primos; sus sobrinos y dem\u00e1s [&hellip;]<\/p>\n","protected":false},"author":5,"featured_media":15550,"comment_status":"open","ping_status":"open","sticky":false,"template":"","format":"standard","meta":{"_stopmodifiedupdate":false,"_modified_date":"","inline_featured_image":false,"spay_email":"","jetpack_publicize_message":""},"categories":[18],"tags":[],"jetpack_featured_media_url":"https:\/\/notinor.com\/jujuy\/wp-content\/uploads\/2015\/02\/Obituarios.jpg","jetpack_publicize_connections":[],"_links":{"self":[{"href":"https:\/\/notinor.com\/jujuy\/wp-json\/wp\/v2\/posts\/16256"}],"collection":[{"href":"https:\/\/notinor.com\/jujuy\/wp-json\/wp\/v2\/posts"}],"about":[{"href":"https:\/\/notinor.com\/jujuy\/wp-json\/wp\/v2\/types\/post"}],"author":[{"embeddable":true,"href":"https:\/\/notinor.com\/jujuy\/wp-json\/wp\/v2\/users\/5"}],"replies":[{"embeddable":true,"href":"https:\/\/notinor.com\/jujuy\/wp-json\/wp\/v2\/comments?post=16256"}],"version-history":[{"count":1,"href":"https:\/\/notinor.com\/jujuy\/wp-json\/wp\/v2\/posts\/16256\/revisions"}],"predecessor-version":[{"id":16257,"href":"https:\/\/notinor.com\/jujuy\/wp-json\/wp\/v2\/posts\/16256\/revisions\/16257"}],"wp:featuredmedia":[{"embeddable":true,"href":"https:\/\/notinor.com\/jujuy\/wp-json\/wp\/v2\/media\/15550"}],"wp:attachment":[{"href":"https:\/\/notinor.com\/jujuy\/wp-json\/wp\/v2\/media?parent=16256"}],"wp:term":[{"taxonomy":"category","embeddable":true,"href":"https:\/\/notinor.com\/jujuy\/wp-json\/wp\/v2\/categories?post=16256"},{"taxonomy":"post_tag","embeddable":true,"href":"https:\/\/notinor.com\/jujuy\/wp-json\/wp\/v2\/tags?post=16256"}],"curies":[{"name":"wp","href":"https:\/\/api.w.org\/{rel}","templated":true}]}}