{"id":16252,"date":"2015-02-13T03:50:56","date_gmt":"2015-02-13T06:50:56","guid":{"rendered":"http:\/\/notinor.com\/jujuy\/?p=16252"},"modified":"2015-02-13T03:50:56","modified_gmt":"2015-02-13T06:50:56","slug":"capi-nieva-presenta-venteros-en-vivo","status":"publish","type":"post","link":"https:\/\/notinor.com\/jujuy\/capi-nieva-presenta-venteros-en-vivo\/","title":{"rendered":"Capi Nieva presenta \u201cVenteros en vivo\u201d"},"content":{"rendered":"<p>Con una puesta esc\u00e9nica importante, el m\u00fasico se presentar\u00e1 con actores, bailarines e im\u00e1genes en pantallas a partir de las 22 hs., en el Centro Cultural y Museo \u201cCasa Macedonio Graz\u201d.<\/p>\n<p>&nbsp;<\/p>\n<p>Capi Nieva presentar\u00e1 su nuevo trabajo discogr\u00e1fico \u201cVenteros Vivo\u201d que fue\u00a0 editado en el 2012 y que se lanz\u00f3 en el Teatro Real el 27 de Septiembre del mismo a\u00f1o.<\/p>\n<p>&nbsp;<\/p>\n<p>El m\u00fasico juje\u00f1o compartir\u00e1\u00a0 el escenario con\u00a0 artistas invitados que lo acompa\u00f1aron en el disco y\u00a0 con bailarines y actores para la representaci\u00f3n de los temas.<\/p>\n<p>&nbsp;<\/p>\n<p>Otra caracter\u00edstica\u00a0 que se observar\u00e1 en su concierto ser\u00e1 la presencia de varios instrumentos de viento aut\u00f3ctonos, como erkes, sikus, quenas, tarcas, erkenchos y cajas, acompa\u00f1ado de bater\u00eda, percusi\u00f3n, guitarra, chelo, cuatro venezolano, charangos y bajo, ya que el m\u00fasico en cada una de sus presentaciones busca trasladar al publico al norte del pa\u00eds a trav\u00e9s de im\u00e1genes, m\u00fasica, sensaciones, relatos y leyendas.<\/p>\n<p>&nbsp;<\/p>\n<p>\u201cLa m\u00fasica y los sonidos del viento fusionado con la gran cantidad de instrumentos que aparecen en escena, es el resultado de mucho trabajo para que cada asistente pueda aprender e imaginar a trav\u00e9s de los instrumentos, el canto, el baile y se sintiera parte del paisaje, de los pueblos y de la gente de Jujuy\u201d, se\u00f1al\u00f3 Capi Niva.<\/p>\n<p><a href=\"http:\/\/notinor.com\/jujuy\/wp-content\/uploads\/2015\/02\/120215-cultura-2_16116.jpg\"><img decoding=\"async\" loading=\"lazy\" class=\"alignnone size-full wp-image-16253\" src=\"http:\/\/notinor.com\/jujuy\/wp-content\/uploads\/2015\/02\/120215-cultura-2_16116.jpg\" alt=\"120215-cultura-2_16116\" width=\"800\" height=\"600\" srcset=\"https:\/\/notinor.com\/jujuy\/wp-content\/uploads\/2015\/02\/120215-cultura-2_16116.jpg 800w, https:\/\/notinor.com\/jujuy\/wp-content\/uploads\/2015\/02\/120215-cultura-2_16116-300x225.jpg 300w\" sizes=\"(max-width: 800px) 100vw, 800px\" \/><\/a><\/p>\n","protected":false},"excerpt":{"rendered":"<p>Con una puesta esc\u00e9nica importante, el m\u00fasico se presentar\u00e1 con actores, bailarines e im\u00e1genes en pantallas a partir de las 22 hs., en el Centro Cultural y Museo \u201cCasa Macedonio Graz\u201d. &nbsp; Capi Nieva presentar\u00e1 su nuevo trabajo discogr\u00e1fico \u201cVenteros Vivo\u201d que fue\u00a0 editado en el 2012 y que se lanz\u00f3 en el Teatro Real [&hellip;]<\/p>\n","protected":false},"author":1,"featured_media":16253,"comment_status":"open","ping_status":"open","sticky":false,"template":"","format":"standard","meta":{"_stopmodifiedupdate":false,"_modified_date":"","inline_featured_image":false,"spay_email":"","jetpack_publicize_message":""},"categories":[21],"tags":[],"jetpack_featured_media_url":"https:\/\/notinor.com\/jujuy\/wp-content\/uploads\/2015\/02\/120215-cultura-2_16116.jpg","jetpack_publicize_connections":[],"_links":{"self":[{"href":"https:\/\/notinor.com\/jujuy\/wp-json\/wp\/v2\/posts\/16252"}],"collection":[{"href":"https:\/\/notinor.com\/jujuy\/wp-json\/wp\/v2\/posts"}],"about":[{"href":"https:\/\/notinor.com\/jujuy\/wp-json\/wp\/v2\/types\/post"}],"author":[{"embeddable":true,"href":"https:\/\/notinor.com\/jujuy\/wp-json\/wp\/v2\/users\/1"}],"replies":[{"embeddable":true,"href":"https:\/\/notinor.com\/jujuy\/wp-json\/wp\/v2\/comments?post=16252"}],"version-history":[{"count":1,"href":"https:\/\/notinor.com\/jujuy\/wp-json\/wp\/v2\/posts\/16252\/revisions"}],"predecessor-version":[{"id":16254,"href":"https:\/\/notinor.com\/jujuy\/wp-json\/wp\/v2\/posts\/16252\/revisions\/16254"}],"wp:featuredmedia":[{"embeddable":true,"href":"https:\/\/notinor.com\/jujuy\/wp-json\/wp\/v2\/media\/16253"}],"wp:attachment":[{"href":"https:\/\/notinor.com\/jujuy\/wp-json\/wp\/v2\/media?parent=16252"}],"wp:term":[{"taxonomy":"category","embeddable":true,"href":"https:\/\/notinor.com\/jujuy\/wp-json\/wp\/v2\/categories?post=16252"},{"taxonomy":"post_tag","embeddable":true,"href":"https:\/\/notinor.com\/jujuy\/wp-json\/wp\/v2\/tags?post=16252"}],"curies":[{"name":"wp","href":"https:\/\/api.w.org\/{rel}","templated":true}]}}