{"id":16170,"date":"2015-02-12T12:31:06","date_gmt":"2015-02-12T15:31:06","guid":{"rendered":"http:\/\/notinor.com\/jujuy\/?p=16170"},"modified":"2015-02-12T12:31:06","modified_gmt":"2015-02-12T15:31:06","slug":"facebook-te-permite-decidir-que-pasara-con-tu-cuenta-cuando-mueras","status":"publish","type":"post","link":"https:\/\/notinor.com\/jujuy\/facebook-te-permite-decidir-que-pasara-con-tu-cuenta-cuando-mueras\/","title":{"rendered":"Facebook te permite decidir qu\u00e9 pasar\u00e1 con tu cuenta cuando mueras"},"content":{"rendered":"<p>\u00bfTe has preguntado alguna vez qu\u00e9 pasar\u00eda con tu cuenta de Facebook si mueres ma\u00f1ana? Sentimos la macabra pregunta pero es justamente lo que deber\u00eda motivarte a prestar atenci\u00f3n a la \u00faltima decisi\u00f3n de la gigantesca red social. La plataforma de Mark Zuckerberg ha anunciado que sus usuarios ser\u00e1n ahora capaces de designar a un contacto al que dejar su legado, encarg\u00e1ndose de mantener la cuenta una vez que se pasa a la otra vida. Seg\u00fan apunta The Wall Street Journal, las nuevas opciones te permitir\u00e1n elegir as\u00ed a un albacea que pueda gestionar tu p\u00e1gina como si fuera un memorial de tu persona o borrar todo tu perfil una vez demostrado el fallecimiento.<\/p>\n<p>Los usuarios de EEUU ser\u00e1n los primeros en poder seleccionar estas opciones (desde hoy mismo, de hecho), aunque igualmente llegar\u00e1n \"pronto\" a otros pa\u00edses en los que la compa\u00f1\u00eda opera. Adem\u00e1s, Facebook indica que igualmente aceptar\u00e1 como v\u00e1lidos los testamentos en los que se designe a una persona para ejercer este tipo de actividad, aunque no se haya indicado de manera digital en la plataforma -para abrir un poco el campo de alternativas...<\/p>\n<p>Sea como sea, la red quiere que sepas adem\u00e1s que la persona que se encargue de tomar tu legado podr\u00e1 ver tus fotos y mensajes p\u00fablico, pero nunca los mensajes privados. Ya sabes, por si una vez en la tumba te sigue importando lo que la gente pueda o no saber.<\/p>\n","protected":false},"excerpt":{"rendered":"<p>\u00bfTe has preguntado alguna vez qu\u00e9 pasar\u00eda con tu cuenta de Facebook si mueres ma\u00f1ana? Sentimos la macabra pregunta pero es justamente lo que deber\u00eda motivarte a prestar atenci\u00f3n a la \u00faltima decisi\u00f3n de la gigantesca red social. La plataforma de Mark Zuckerberg ha anunciado que sus usuarios ser\u00e1n ahora capaces de designar a un [&hellip;]<\/p>\n","protected":false},"author":1,"featured_media":16171,"comment_status":"open","ping_status":"open","sticky":false,"template":"","format":"standard","meta":{"_stopmodifiedupdate":false,"_modified_date":"","inline_featured_image":false,"spay_email":"","jetpack_publicize_message":""},"categories":[16],"tags":[],"jetpack_featured_media_url":"https:\/\/notinor.com\/jujuy\/wp-content\/uploads\/2015\/02\/facebook.jpg","jetpack_publicize_connections":[],"_links":{"self":[{"href":"https:\/\/notinor.com\/jujuy\/wp-json\/wp\/v2\/posts\/16170"}],"collection":[{"href":"https:\/\/notinor.com\/jujuy\/wp-json\/wp\/v2\/posts"}],"about":[{"href":"https:\/\/notinor.com\/jujuy\/wp-json\/wp\/v2\/types\/post"}],"author":[{"embeddable":true,"href":"https:\/\/notinor.com\/jujuy\/wp-json\/wp\/v2\/users\/1"}],"replies":[{"embeddable":true,"href":"https:\/\/notinor.com\/jujuy\/wp-json\/wp\/v2\/comments?post=16170"}],"version-history":[{"count":1,"href":"https:\/\/notinor.com\/jujuy\/wp-json\/wp\/v2\/posts\/16170\/revisions"}],"predecessor-version":[{"id":16172,"href":"https:\/\/notinor.com\/jujuy\/wp-json\/wp\/v2\/posts\/16170\/revisions\/16172"}],"wp:featuredmedia":[{"embeddable":true,"href":"https:\/\/notinor.com\/jujuy\/wp-json\/wp\/v2\/media\/16171"}],"wp:attachment":[{"href":"https:\/\/notinor.com\/jujuy\/wp-json\/wp\/v2\/media?parent=16170"}],"wp:term":[{"taxonomy":"category","embeddable":true,"href":"https:\/\/notinor.com\/jujuy\/wp-json\/wp\/v2\/categories?post=16170"},{"taxonomy":"post_tag","embeddable":true,"href":"https:\/\/notinor.com\/jujuy\/wp-json\/wp\/v2\/tags?post=16170"}],"curies":[{"name":"wp","href":"https:\/\/api.w.org\/{rel}","templated":true}]}}