{"id":16167,"date":"2015-02-12T09:21:21","date_gmt":"2015-02-12T12:21:21","guid":{"rendered":"http:\/\/notinor.com\/jujuy\/?p=16167"},"modified":"2015-02-12T09:21:21","modified_gmt":"2015-02-12T12:21:21","slug":"alvarez-juana-del-valle-q-e-p-d","status":"publish","type":"post","link":"https:\/\/notinor.com\/jujuy\/alvarez-juana-del-valle-q-e-p-d\/","title":{"rendered":"ALVAREZ, Juana del Valle (Q.E.P.D.)"},"content":{"rendered":"<p>Falleci\u00f3 el d\u00eda 11 de febrero de 2015. C.A.S.R. y B.P. \u00a0a la edad de 69 a\u00f1os. Gaston Peralta yflia. participan su fallecimiento y ruegan una oraci\u00f3n en su memoria comunican a sus amistades y dem\u00e1s personas piadosas que el sepelio de sus restos se llevar\u00e1 a cabo ma\u00f1ana 13 de febrero \u00a0a hs. 10:00 en el cementerio de Caimancito, Ledesma, Jujuy. FAE. Casa de duelo:Sal\u00f3n Parroquial \u00a0Iglesia San Cayetano, Caimancito, \u00a0Ledesma, Jujuy. Ritual de homenaje empresa La Piedad, Salta 727. Tel\u00e9fono 4222487. L\u00ednea gratuita 0800-444-5274.<\/p>\n","protected":false},"excerpt":{"rendered":"<p>Falleci\u00f3 el d\u00eda 11 de febrero de 2015. C.A.S.R. y B.P. \u00a0a la edad de 69 a\u00f1os. Gaston Peralta yflia. participan su fallecimiento y ruegan una oraci\u00f3n en su memoria comunican a sus amistades y dem\u00e1s personas piadosas que el sepelio de sus restos se llevar\u00e1 a cabo ma\u00f1ana 13 de febrero \u00a0a hs. 10:00 [&hellip;]<\/p>\n","protected":false},"author":5,"featured_media":15550,"comment_status":"open","ping_status":"open","sticky":false,"template":"","format":"standard","meta":{"_stopmodifiedupdate":false,"_modified_date":"","inline_featured_image":false,"spay_email":"","jetpack_publicize_message":""},"categories":[18],"tags":[],"jetpack_featured_media_url":"https:\/\/notinor.com\/jujuy\/wp-content\/uploads\/2015\/02\/Obituarios.jpg","jetpack_publicize_connections":[],"_links":{"self":[{"href":"https:\/\/notinor.com\/jujuy\/wp-json\/wp\/v2\/posts\/16167"}],"collection":[{"href":"https:\/\/notinor.com\/jujuy\/wp-json\/wp\/v2\/posts"}],"about":[{"href":"https:\/\/notinor.com\/jujuy\/wp-json\/wp\/v2\/types\/post"}],"author":[{"embeddable":true,"href":"https:\/\/notinor.com\/jujuy\/wp-json\/wp\/v2\/users\/5"}],"replies":[{"embeddable":true,"href":"https:\/\/notinor.com\/jujuy\/wp-json\/wp\/v2\/comments?post=16167"}],"version-history":[{"count":1,"href":"https:\/\/notinor.com\/jujuy\/wp-json\/wp\/v2\/posts\/16167\/revisions"}],"predecessor-version":[{"id":16168,"href":"https:\/\/notinor.com\/jujuy\/wp-json\/wp\/v2\/posts\/16167\/revisions\/16168"}],"wp:featuredmedia":[{"embeddable":true,"href":"https:\/\/notinor.com\/jujuy\/wp-json\/wp\/v2\/media\/15550"}],"wp:attachment":[{"href":"https:\/\/notinor.com\/jujuy\/wp-json\/wp\/v2\/media?parent=16167"}],"wp:term":[{"taxonomy":"category","embeddable":true,"href":"https:\/\/notinor.com\/jujuy\/wp-json\/wp\/v2\/categories?post=16167"},{"taxonomy":"post_tag","embeddable":true,"href":"https:\/\/notinor.com\/jujuy\/wp-json\/wp\/v2\/tags?post=16167"}],"curies":[{"name":"wp","href":"https:\/\/api.w.org\/{rel}","templated":true}]}}