{"id":16165,"date":"2015-02-12T09:14:44","date_gmt":"2015-02-12T12:14:44","guid":{"rendered":"http:\/\/notinor.com\/jujuy\/?p=16165"},"modified":"2015-02-12T09:14:44","modified_gmt":"2015-02-12T12:14:44","slug":"arce-ana-beatriz-q-e-p-d","status":"publish","type":"post","link":"https:\/\/notinor.com\/jujuy\/arce-ana-beatriz-q-e-p-d\/","title":{"rendered":"ARCE, Ana Beatriz (Q.E.P.D.)"},"content":{"rendered":"<p>Falleci\u00f3 el d\u00eda 11 de febrero de 2015 a hs. 09:55. C.A.S.R. y B.P. a la edad 58 a\u00f1os. Sus hijos Noelia y An\u00edbal Sosa; su hermana Mar\u00eda Ester Arce; su cu\u00f1ado Edmundo Unco; sus nietos Santiago y Gabriel Jard\u00edn Sosa y dem\u00e1s familiares invitan a sus amistades y personas piadosas acompa\u00f1ar sus restos mortales hoy 12 de febrero a hs. 11:30 al Cementerio Parque El Jard\u00edn del Castillo . Casa de duelo sala Velat\u00f3ria de Previsi\u00f3n Social, Independencia 1037. Jujuy. Servicio Previsi\u00f3n Social srl Av. Hip\u00f3lito Irigoyen 1160. Tel 0388-4224305. Jujuy.<\/p>\n","protected":false},"excerpt":{"rendered":"<p>Falleci\u00f3 el d\u00eda 11 de febrero de 2015 a hs. 09:55. C.A.S.R. y B.P. a la edad 58 a\u00f1os. Sus hijos Noelia y An\u00edbal Sosa; su hermana Mar\u00eda Ester Arce; su cu\u00f1ado Edmundo Unco; sus nietos Santiago y Gabriel Jard\u00edn Sosa y dem\u00e1s familiares invitan a sus amistades y personas piadosas acompa\u00f1ar sus restos mortales [&hellip;]<\/p>\n","protected":false},"author":5,"featured_media":15550,"comment_status":"open","ping_status":"open","sticky":false,"template":"","format":"standard","meta":{"_stopmodifiedupdate":false,"_modified_date":"","inline_featured_image":false,"spay_email":"","jetpack_publicize_message":""},"categories":[18],"tags":[],"jetpack_featured_media_url":"https:\/\/notinor.com\/jujuy\/wp-content\/uploads\/2015\/02\/Obituarios.jpg","jetpack_publicize_connections":[],"_links":{"self":[{"href":"https:\/\/notinor.com\/jujuy\/wp-json\/wp\/v2\/posts\/16165"}],"collection":[{"href":"https:\/\/notinor.com\/jujuy\/wp-json\/wp\/v2\/posts"}],"about":[{"href":"https:\/\/notinor.com\/jujuy\/wp-json\/wp\/v2\/types\/post"}],"author":[{"embeddable":true,"href":"https:\/\/notinor.com\/jujuy\/wp-json\/wp\/v2\/users\/5"}],"replies":[{"embeddable":true,"href":"https:\/\/notinor.com\/jujuy\/wp-json\/wp\/v2\/comments?post=16165"}],"version-history":[{"count":1,"href":"https:\/\/notinor.com\/jujuy\/wp-json\/wp\/v2\/posts\/16165\/revisions"}],"predecessor-version":[{"id":16166,"href":"https:\/\/notinor.com\/jujuy\/wp-json\/wp\/v2\/posts\/16165\/revisions\/16166"}],"wp:featuredmedia":[{"embeddable":true,"href":"https:\/\/notinor.com\/jujuy\/wp-json\/wp\/v2\/media\/15550"}],"wp:attachment":[{"href":"https:\/\/notinor.com\/jujuy\/wp-json\/wp\/v2\/media?parent=16165"}],"wp:term":[{"taxonomy":"category","embeddable":true,"href":"https:\/\/notinor.com\/jujuy\/wp-json\/wp\/v2\/categories?post=16165"},{"taxonomy":"post_tag","embeddable":true,"href":"https:\/\/notinor.com\/jujuy\/wp-json\/wp\/v2\/tags?post=16165"}],"curies":[{"name":"wp","href":"https:\/\/api.w.org\/{rel}","templated":true}]}}