{"id":16163,"date":"2015-02-12T09:12:09","date_gmt":"2015-02-12T12:12:09","guid":{"rendered":"http:\/\/notinor.com\/jujuy\/?p=16163"},"modified":"2015-02-12T09:12:09","modified_gmt":"2015-02-12T12:12:09","slug":"valdez-juan-antonio-q-e-p-d","status":"publish","type":"post","link":"https:\/\/notinor.com\/jujuy\/valdez-juan-antonio-q-e-p-d\/","title":{"rendered":"VALDEZ, Juan Antonio  (Q.E.P.D.)"},"content":{"rendered":"<p>Falleci\u00f3 el d\u00eda 11 de febrero de 2015. C.A.S.R. y B.P. Su esposa; sus hijos y nietos. Su madre Marta y dem\u00e1s familiares comunican que sus restos son velados en Pje. San Roque 780 barrio 7 de octubre. R\u00edo Blanco y ser\u00e1n inhumados hoy 12 de febrero a hs.\u00a011:00 en el Cementerio Parque Jard\u00edn del Castillo. Ceremonial y Honras F\u00fanebres Servicios Sociales Instituto del Norte sa Patricias Argentinas 247. Tel 0388-4242818.<\/p>\n<p>&nbsp;<\/p>\n","protected":false},"excerpt":{"rendered":"<p>Falleci\u00f3 el d\u00eda 11 de febrero de 2015. C.A.S.R. y B.P. Su esposa; sus hijos y nietos. Su madre Marta y dem\u00e1s familiares comunican que sus restos son velados en Pje. San Roque 780 barrio 7 de octubre. R\u00edo Blanco y ser\u00e1n inhumados hoy 12 de febrero a hs.\u00a011:00 en el Cementerio Parque Jard\u00edn del [&hellip;]<\/p>\n","protected":false},"author":5,"featured_media":15550,"comment_status":"open","ping_status":"open","sticky":false,"template":"","format":"standard","meta":{"_stopmodifiedupdate":false,"_modified_date":"","inline_featured_image":false,"spay_email":"","jetpack_publicize_message":""},"categories":[18],"tags":[],"jetpack_featured_media_url":"https:\/\/notinor.com\/jujuy\/wp-content\/uploads\/2015\/02\/Obituarios.jpg","jetpack_publicize_connections":[],"_links":{"self":[{"href":"https:\/\/notinor.com\/jujuy\/wp-json\/wp\/v2\/posts\/16163"}],"collection":[{"href":"https:\/\/notinor.com\/jujuy\/wp-json\/wp\/v2\/posts"}],"about":[{"href":"https:\/\/notinor.com\/jujuy\/wp-json\/wp\/v2\/types\/post"}],"author":[{"embeddable":true,"href":"https:\/\/notinor.com\/jujuy\/wp-json\/wp\/v2\/users\/5"}],"replies":[{"embeddable":true,"href":"https:\/\/notinor.com\/jujuy\/wp-json\/wp\/v2\/comments?post=16163"}],"version-history":[{"count":1,"href":"https:\/\/notinor.com\/jujuy\/wp-json\/wp\/v2\/posts\/16163\/revisions"}],"predecessor-version":[{"id":16164,"href":"https:\/\/notinor.com\/jujuy\/wp-json\/wp\/v2\/posts\/16163\/revisions\/16164"}],"wp:featuredmedia":[{"embeddable":true,"href":"https:\/\/notinor.com\/jujuy\/wp-json\/wp\/v2\/media\/15550"}],"wp:attachment":[{"href":"https:\/\/notinor.com\/jujuy\/wp-json\/wp\/v2\/media?parent=16163"}],"wp:term":[{"taxonomy":"category","embeddable":true,"href":"https:\/\/notinor.com\/jujuy\/wp-json\/wp\/v2\/categories?post=16163"},{"taxonomy":"post_tag","embeddable":true,"href":"https:\/\/notinor.com\/jujuy\/wp-json\/wp\/v2\/tags?post=16163"}],"curies":[{"name":"wp","href":"https:\/\/api.w.org\/{rel}","templated":true}]}}