{"id":161575,"date":"2018-02-28T18:57:40","date_gmt":"2018-02-28T21:57:40","guid":{"rendered":"http:\/\/notinor.com\/jujuy\/?p=161575"},"modified":"2018-03-01T00:48:22","modified_gmt":"2018-03-01T03:48:22","slug":"embajador-bolivia-celebro-la-decision-evo-morales-dar-paso-hacia-la-reciprocidad","status":"publish","type":"post","link":"https:\/\/notinor.com\/jujuy\/embajador-bolivia-celebro-la-decision-evo-morales-dar-paso-hacia-la-reciprocidad\/","title":{"rendered":"El embajador en Bolivia celebr\u00f3 la decisi\u00f3n de Evo Morales de dar un paso hacia la reciprocidad"},"content":{"rendered":"<p><img decoding=\"async\" loading=\"lazy\" class=\"alignnone size-medium wp-image-161576\" src=\"http:\/\/notinor.com\/jujuy\/wp-content\/uploads\/2018\/02\/NORMANDO-CHIQQUI-ALVAREZ-649x365.jpg\" alt=\"\" width=\"649\" height=\"365\" srcset=\"https:\/\/notinor.com\/jujuy\/wp-content\/uploads\/2018\/02\/NORMANDO-CHIQQUI-ALVAREZ-649x365.jpg 649w, https:\/\/notinor.com\/jujuy\/wp-content\/uploads\/2018\/02\/NORMANDO-CHIQQUI-ALVAREZ-500x280.jpg 500w, https:\/\/notinor.com\/jujuy\/wp-content\/uploads\/2018\/02\/NORMANDO-CHIQQUI-ALVAREZ-768x432.jpg 768w, https:\/\/notinor.com\/jujuy\/wp-content\/uploads\/2018\/02\/NORMANDO-CHIQQUI-ALVAREZ-840x473.jpg 840w, https:\/\/notinor.com\/jujuy\/wp-content\/uploads\/2018\/02\/NORMANDO-CHIQQUI-ALVAREZ.jpg 1600w\" sizes=\"(max-width: 649px) 100vw, 649px\" \/><\/p>\n<p>El embajador argentino en Boliviam Normando \u00c1lvarez Garc\u00eda, acaba de regresar de la milenaria Potos\u00ed, y celebr\u00f3 la decisi\u00f3n del gobierno boliviano de atender de manera gratuita a los argentinos que necesiten atenci\u00f3n m\u00e9dica , tal como ocurre en los hospitales de Jujuy, su provincia natal.<\/p>\n<p>\"Estamos muy contentos con la decisi\u00f3n del gobierno de Evo Morales , esto descomprime una situaci\u00f3n que se hab\u00eda puesto tensa\", asegur\u00f3 el embajador.<\/p>\n<p>\"Chiqui\" \u00c1lvarez Garc\u00eda sostuvo que desde que llegu\u00f3 a Bolivia, hace un a\u00f1o y medio, se ha centrado en resumir la relaci\u00f3n bilateral en una sola palabra: reciprocidad.<\/p>\n<p>\"Nos era muy dif\u00edcil hacernos entender, planteamos que aqu\u00ed vienen muchos j\u00f3venes de vacaciones, ya sea al lago Titi-Caca, o a Copacabana, y si tienen alg\u00fan accidente no pueden atenderse, hemos tenido que resolver muchos casos. Por el contrario, tenemos un servicio de salud en Argentina del que estoy orgulloso, y al que recurren muchos ciudadanos bolivianos\", consign\u00f3.<\/p>\n<p>El embajador argentino en Bolivia relat\u00f3 que apenas se supo del proyecto de ley que impulsa el gobernador Gerardo Morales, recibi\u00f3 el llamado de La Paz. Seg\u00fan relat\u00f3, el enojo de los bolivianos pas\u00f3 m\u00e1s por las reacciones xen\u00f3fobas que se registraron en las redes sociales m\u00e1s que con el proyecto en si.<\/p>\n<p>\"Les ped\u00ed disculpas, pero a la vez les explicamos que no ten\u00edamos nada que ver. Me parece muy buena la decisi\u00f3n del presidente Morales, porque no hay nada peor que sentirse maltratado, como se sent\u00edan muchos argentinos aqu\u00ed en materia de atenci\u00f3n m\u00e9dica\", relat\u00f3 el diplom\u00e1tico.<\/p>\n<p>El embajador argentino en Bolivia considera que dicho maltrato surge de una percepci\u00f3n del argentino que no entiende c\u00f3mo es que no recibe un trato rec\u00edproco al momento de recibhir atenci\u00f3n m\u00e9dica, como sucede con los ciudadanos bolivianos en Argentina.<\/p>\n<p>En este sentido asegur\u00f3 que los bolivianos saben que en Argentina se los trata muy bien y que era necesaria una discusi\u00f3n del arancelamiento de los servicios m\u00e9dicos, sin embargo advirti\u00f3 \"pero con cuidado de no dar pasto a los racistas. Gerardo (Morales) es nieto de bolivianos, est\u00e1 orgulloso de serlo, y por eso la norma va a tener un cuidado especial de no herir a nadie\", finaliz\u00f3.<\/p>\n","protected":false},"excerpt":{"rendered":"<p>El embajador argentino en Boliviam Normando \u00c1lvarez Garc\u00eda, acaba de regresar de la milenaria Potos\u00ed, y celebr\u00f3 la decisi\u00f3n del gobierno boliviano de atender de manera gratuita a los argentinos que necesiten atenci\u00f3n m\u00e9dica , tal como ocurre en los hospitales de Jujuy, su provincia natal. \"Estamos muy contentos con la decisi\u00f3n del gobierno de [&hellip;]<\/p>\n","protected":false},"author":1,"featured_media":161576,"comment_status":"open","ping_status":"open","sticky":false,"template":"","format":"standard","meta":{"_stopmodifiedupdate":false,"_modified_date":"","inline_featured_image":false,"spay_email":"","jetpack_publicize_message":""},"categories":[5,501],"tags":[],"jetpack_featured_media_url":"https:\/\/notinor.com\/jujuy\/wp-content\/uploads\/2018\/02\/NORMANDO-CHIQQUI-ALVAREZ.jpg","jetpack_publicize_connections":[],"_links":{"self":[{"href":"https:\/\/notinor.com\/jujuy\/wp-json\/wp\/v2\/posts\/161575"}],"collection":[{"href":"https:\/\/notinor.com\/jujuy\/wp-json\/wp\/v2\/posts"}],"about":[{"href":"https:\/\/notinor.com\/jujuy\/wp-json\/wp\/v2\/types\/post"}],"author":[{"embeddable":true,"href":"https:\/\/notinor.com\/jujuy\/wp-json\/wp\/v2\/users\/1"}],"replies":[{"embeddable":true,"href":"https:\/\/notinor.com\/jujuy\/wp-json\/wp\/v2\/comments?post=161575"}],"version-history":[{"count":2,"href":"https:\/\/notinor.com\/jujuy\/wp-json\/wp\/v2\/posts\/161575\/revisions"}],"predecessor-version":[{"id":161578,"href":"https:\/\/notinor.com\/jujuy\/wp-json\/wp\/v2\/posts\/161575\/revisions\/161578"}],"wp:featuredmedia":[{"embeddable":true,"href":"https:\/\/notinor.com\/jujuy\/wp-json\/wp\/v2\/media\/161576"}],"wp:attachment":[{"href":"https:\/\/notinor.com\/jujuy\/wp-json\/wp\/v2\/media?parent=161575"}],"wp:term":[{"taxonomy":"category","embeddable":true,"href":"https:\/\/notinor.com\/jujuy\/wp-json\/wp\/v2\/categories?post=161575"},{"taxonomy":"post_tag","embeddable":true,"href":"https:\/\/notinor.com\/jujuy\/wp-json\/wp\/v2\/tags?post=161575"}],"curies":[{"name":"wp","href":"https:\/\/api.w.org\/{rel}","templated":true}]}}