{"id":161569,"date":"2018-02-28T16:50:02","date_gmt":"2018-02-28T19:50:02","guid":{"rendered":"http:\/\/notinor.com\/jujuy\/?p=161569"},"modified":"2018-02-28T16:50:02","modified_gmt":"2018-02-28T19:50:02","slug":"marcha-presentacion-proyecto-judiciales-la-legislatura","status":"publish","type":"post","link":"https:\/\/notinor.com\/jujuy\/marcha-presentacion-proyecto-judiciales-la-legislatura\/","title":{"rendered":"Marcha y presentaci\u00f3n de un proyecto de Judiciales en la Legislatura"},"content":{"rendered":"<p><img decoding=\"async\" loading=\"lazy\" class=\"alignnone wp-image-161571 size-large\" src=\"http:\/\/notinor.com\/jujuy\/wp-content\/uploads\/2018\/02\/freddy-berdeja-840x473.jpg\" alt=\"\" width=\"840\" height=\"473\" srcset=\"https:\/\/notinor.com\/jujuy\/wp-content\/uploads\/2018\/02\/freddy-berdeja-840x473.jpg 840w, https:\/\/notinor.com\/jujuy\/wp-content\/uploads\/2018\/02\/freddy-berdeja-649x365.jpg 649w, https:\/\/notinor.com\/jujuy\/wp-content\/uploads\/2018\/02\/freddy-berdeja-768x432.jpg 768w, https:\/\/notinor.com\/jujuy\/wp-content\/uploads\/2018\/02\/freddy-berdeja.jpg 1280w\" sizes=\"(max-width: 840px) 100vw, 840px\" \/><\/p>\n<p>Asimismo el Secretario general de la Asociaci\u00f3n Judicial, detall\u00f3\u00a0\u201cesperamos que la legislatura sancione y apruebe el proyecto\u00a0 y que nos d\u00e9 la posibilidad de discutir nuestras condiciones laborales, incluido el reglamento interno, incluida la carrera judicial\u201d.<\/p>\n<p>Al respecto Berdeja tambi\u00e9n indic\u00f3 que debe haber una adecuada proporcionalidad, entre los salarios de magistrados con los empleados judiciales, lo que actualmente es desproporcional.<\/p>\n<p>Conjuntamente, en el marco de esta presentaci\u00f3n, los empleados judiciales tambi\u00e9n se movilizaron hasta la legislatura provincial en reclamo de un llamado a paritarias, donde el gremialista anuncio que el d\u00eda jueves la comisi\u00f3n directiva y el cuerpo de delegados participaran del plenario provincial de trabajadores que se llevar\u00e1 a cabo desde las 10 am en la Sociedad Obrera donde los puntos centrales de discusi\u00f3n ser\u00e1n la cl\u00e1usula gatillo y el recomposici\u00f3n salarial 2018.<\/p>\n<p>\u201cEl resto de los puntos y dem\u00e1s objetivos saldr\u00e1n de ese plenario como as\u00ed tambi\u00e9n las medidas de fuerza necesarias. La idea, de la intersindical, de la que formamos parte, no es que cinco o seis dirigentes definan todo sino que salga de un plenario, concluy\u00f3\u201d.<\/p>\n<p><strong>\u00a0<\/strong><\/p>\n","protected":false},"excerpt":{"rendered":"<p>Asimismo el Secretario general de la Asociaci\u00f3n Judicial, detall\u00f3\u00a0\u201cesperamos que la legislatura sancione y apruebe el proyecto\u00a0 y que nos d\u00e9 la posibilidad de discutir nuestras condiciones laborales, incluido el reglamento interno, incluida la carrera judicial\u201d. Al respecto Berdeja tambi\u00e9n indic\u00f3 que debe haber una adecuada proporcionalidad, entre los salarios de magistrados con los empleados [&hellip;]<\/p>\n","protected":false},"author":1,"featured_media":161570,"comment_status":"open","ping_status":"open","sticky":false,"template":"","format":"standard","meta":{"_stopmodifiedupdate":false,"_modified_date":"","inline_featured_image":false,"spay_email":"","jetpack_publicize_message":""},"categories":[2],"tags":[],"jetpack_featured_media_url":"https:\/\/notinor.com\/jujuy\/wp-content\/uploads\/2018\/02\/MARCHA-JUDICIALES.jpg","jetpack_publicize_connections":[],"_links":{"self":[{"href":"https:\/\/notinor.com\/jujuy\/wp-json\/wp\/v2\/posts\/161569"}],"collection":[{"href":"https:\/\/notinor.com\/jujuy\/wp-json\/wp\/v2\/posts"}],"about":[{"href":"https:\/\/notinor.com\/jujuy\/wp-json\/wp\/v2\/types\/post"}],"author":[{"embeddable":true,"href":"https:\/\/notinor.com\/jujuy\/wp-json\/wp\/v2\/users\/1"}],"replies":[{"embeddable":true,"href":"https:\/\/notinor.com\/jujuy\/wp-json\/wp\/v2\/comments?post=161569"}],"version-history":[{"count":1,"href":"https:\/\/notinor.com\/jujuy\/wp-json\/wp\/v2\/posts\/161569\/revisions"}],"predecessor-version":[{"id":161572,"href":"https:\/\/notinor.com\/jujuy\/wp-json\/wp\/v2\/posts\/161569\/revisions\/161572"}],"wp:featuredmedia":[{"embeddable":true,"href":"https:\/\/notinor.com\/jujuy\/wp-json\/wp\/v2\/media\/161570"}],"wp:attachment":[{"href":"https:\/\/notinor.com\/jujuy\/wp-json\/wp\/v2\/media?parent=161569"}],"wp:term":[{"taxonomy":"category","embeddable":true,"href":"https:\/\/notinor.com\/jujuy\/wp-json\/wp\/v2\/categories?post=161569"},{"taxonomy":"post_tag","embeddable":true,"href":"https:\/\/notinor.com\/jujuy\/wp-json\/wp\/v2\/tags?post=161569"}],"curies":[{"name":"wp","href":"https:\/\/api.w.org\/{rel}","templated":true}]}}