{"id":161558,"date":"2018-02-28T14:45:13","date_gmt":"2018-02-28T17:45:13","guid":{"rendered":"http:\/\/notinor.com\/jujuy\/?p=161558"},"modified":"2018-03-01T00:47:23","modified_gmt":"2018-03-01T03:47:23","slug":"ahora-bolivia-dice-adecuara-leyes-haya-reciprocidad-los-argentinos","status":"publish","type":"post","link":"https:\/\/notinor.com\/jujuy\/ahora-bolivia-dice-adecuara-leyes-haya-reciprocidad-los-argentinos\/","title":{"rendered":"Ahora Bolivia dice que adecuar\u00e1 sus leyes para que haya reciprocidad con los argentinos"},"content":{"rendered":"<p><img decoding=\"async\" loading=\"lazy\" class=\"alignnone size-medium wp-image-161559\" src=\"http:\/\/notinor.com\/jujuy\/wp-content\/uploads\/2018\/02\/MACRI-EVO-660x308.jpg\" alt=\"\" width=\"660\" height=\"308\" srcset=\"https:\/\/notinor.com\/jujuy\/wp-content\/uploads\/2018\/02\/MACRI-EVO-660x308.jpg 660w, https:\/\/notinor.com\/jujuy\/wp-content\/uploads\/2018\/02\/MACRI-EVO.jpg 750w\" sizes=\"(max-width: 660px) 100vw, 660px\" \/><\/p>\n<p>&nbsp;<\/p>\n<p>Tras la pol\u00e9mica generada en torno a la gratuidad de la atenci\u00f3n m\u00e9dica de ciudadanos bolivianos en Jujuy , el canciller de Bolivia, Fernando Huanacuni, dio una conferencia de prensa este mediod\u00eda y anunci\u00f3 el viaje a la Argentina de una comisi\u00f3n \"para trabajar en [la] atenci\u00f3n en salud rec\u00edproca a ciudadanos argentinos en territorio boliviano\".<\/p>\n<p>\"Se har\u00e1 una adecuaci\u00f3n de nuestra norma interna para otorgar atenci\u00f3n en reciprocidad para que ciudadanos argentinos gocen de los mismos derechos que los bolivianos en nuestro territorio\", sostuvo el titular del Ministerio de Relaciones Exteriores del Estado Plurinacional de Bolivia.<\/p>\n<p>El gobernador de Jujuy, Gerardo Morales , confirm\u00f3 ayer el avance en la Legislatura provincial de un proyecto de ley para cobrar un coseguro o arancel a aquellos extranjeros que est\u00e9n de visita en la Argentina y que se atiendan en un hospital provincial. El tema despert\u00f3 pol\u00e9mica inmediatamente. El jefe de Gabinete, Marcos Pe\u00f1a , calific\u00f3 de \"valiente\" la iniciativa y se mostr\u00f3 entusiasmado ante la posibilidad de que \"se debata en el Congreso y de que haya \"un marco general a todas las provincias\".<\/p>\n<p>Ayer, en l\u00ednea con la posici\u00f3n del Gobierno, el diputado radical Luis Petri present\u00f3 un proyecto de ley para restringir la prestaci\u00f3n de servicios de salud y de educaci\u00f3n universitaria a extranjeros que residan en forma precaria o temporaria en la Argentina, v\u00eda compensaci\u00f3n o arancel.<\/p>\n<p>En conferencia de prensa, el canciller Huanacuni asegur\u00f3 hoy que \"existe un buen nivel de di\u00e1logo en la relaci\u00f3n bilateral\" entre la Argentina y Bolivia \"que ha de conducir a la resoluci\u00f3n de cualquier asunto [en] la agenda compartida\".<\/p>\n<p>El Ministerio de Relaciones Exteriores de Bolivia hab\u00eda difundido ayer un comunicado sobre \"la relaci\u00f3n bilateral en materia de salud con Argentina\": aclaraba que no hab\u00eda recibido \"ning\u00fan proyecto de convenio en materia de asistencia m\u00e9dica por parte del gobierno argentino\" y destacaba que \"la agenda bilateral consensuada\" hab\u00eda sido revisada \"en detalle y de forma \u00edntegra\" el 15 de enero \u00faltimo.<\/p>\n","protected":false},"excerpt":{"rendered":"<p>&nbsp; Tras la pol\u00e9mica generada en torno a la gratuidad de la atenci\u00f3n m\u00e9dica de ciudadanos bolivianos en Jujuy , el canciller de Bolivia, Fernando Huanacuni, dio una conferencia de prensa este mediod\u00eda y anunci\u00f3 el viaje a la Argentina de una comisi\u00f3n \"para trabajar en [la] atenci\u00f3n en salud rec\u00edproca a ciudadanos argentinos en [&hellip;]<\/p>\n","protected":false},"author":1,"featured_media":161559,"comment_status":"open","ping_status":"open","sticky":false,"template":"","format":"standard","meta":{"_stopmodifiedupdate":false,"_modified_date":"","inline_featured_image":false,"spay_email":"","jetpack_publicize_message":""},"categories":[5,501],"tags":[],"jetpack_featured_media_url":"https:\/\/notinor.com\/jujuy\/wp-content\/uploads\/2018\/02\/MACRI-EVO.jpg","jetpack_publicize_connections":[],"_links":{"self":[{"href":"https:\/\/notinor.com\/jujuy\/wp-json\/wp\/v2\/posts\/161558"}],"collection":[{"href":"https:\/\/notinor.com\/jujuy\/wp-json\/wp\/v2\/posts"}],"about":[{"href":"https:\/\/notinor.com\/jujuy\/wp-json\/wp\/v2\/types\/post"}],"author":[{"embeddable":true,"href":"https:\/\/notinor.com\/jujuy\/wp-json\/wp\/v2\/users\/1"}],"replies":[{"embeddable":true,"href":"https:\/\/notinor.com\/jujuy\/wp-json\/wp\/v2\/comments?post=161558"}],"version-history":[{"count":1,"href":"https:\/\/notinor.com\/jujuy\/wp-json\/wp\/v2\/posts\/161558\/revisions"}],"predecessor-version":[{"id":161560,"href":"https:\/\/notinor.com\/jujuy\/wp-json\/wp\/v2\/posts\/161558\/revisions\/161560"}],"wp:featuredmedia":[{"embeddable":true,"href":"https:\/\/notinor.com\/jujuy\/wp-json\/wp\/v2\/media\/161559"}],"wp:attachment":[{"href":"https:\/\/notinor.com\/jujuy\/wp-json\/wp\/v2\/media?parent=161558"}],"wp:term":[{"taxonomy":"category","embeddable":true,"href":"https:\/\/notinor.com\/jujuy\/wp-json\/wp\/v2\/categories?post=161558"},{"taxonomy":"post_tag","embeddable":true,"href":"https:\/\/notinor.com\/jujuy\/wp-json\/wp\/v2\/tags?post=161558"}],"curies":[{"name":"wp","href":"https:\/\/api.w.org\/{rel}","templated":true}]}}