{"id":16150,"date":"2015-02-12T00:48:53","date_gmt":"2015-02-12T03:48:53","guid":{"rendered":"http:\/\/notinor.com\/jujuy\/?p=16150"},"modified":"2015-02-12T01:50:23","modified_gmt":"2015-02-12T04:50:23","slug":"exposicion-carnaval-nuestro","status":"publish","type":"post","link":"https:\/\/notinor.com\/jujuy\/exposicion-carnaval-nuestro\/","title":{"rendered":"Exposici\u00f3n \"Carnaval nuestro\""},"content":{"rendered":"<p>Se llevara a cabo la muestra en las instalaciones del Centro Cultural H\u00e9ctor Tiz\u00f3n el d\u00eda Viernes 13 de Febrero a horas 20.<\/p>\n<p>La muestra tiene como objetivo promover, difundir y expresar nuestra identidad a trav\u00e9s de las Comparsas con sus diferentes lenguajes art\u00edsticos que integran una amplia trama de historias, vivencias y experiencias de nuestra cultura Juje\u00f1a.<\/p>\n<p>Cada una desde su visi\u00f3n, con sus trabajos artesanales, sus lenguajes musicales y visuales, son las encargadas de dar vida en la ciudad a una de las festividades populares m\u00e1s importantes\u2026 El Carnaval.<\/p>\n<p>El poder brindar al p\u00fablico la alegr\u00eda, contagiar picard\u00eda y a su vez respetar a\u00f1os de tradici\u00f3n, son metas que constantemente las Comparsas renuevan en nuevos desaf\u00edos.<\/p>\n<p>En esta ocasi\u00f3n nos abren las puestas de su lado m\u00e1s Artesanal, nos permiten indagar en su historia y conocer desde otra mirada el trabajo que eligieron y que con tanto orgullo realizan.<\/p>\n<p>Diferentes caminos, formas de vida, sentimientos, ideolog\u00edas son plasmadas en estas obras para deleite del espectador. Trajes, vestidos, m\u00e1scaras, banderas y registros, visten este Carnaval otorg\u00e1ndole personalidad, color y movimiento, generando esta gran pasi\u00f3n que envuelve a todos los Juje\u00f1os.<\/p>\n<p>PARTICIPANTES<\/p>\n<p>Comparsas Ind\u00edgenas<\/p>\n<p>Los Huayras<\/p>\n<p>Los Omaguacas<\/p>\n<p>Comparsas de Saya - Caporal<\/p>\n<p>Caporales Sociedad Fraterna Virgen de Guadalupe<\/p>\n<p>Juventud Arrasadora<\/p>\n<p>Caporales Alma Y Coraz\u00f3n<\/p>\n<p>Sambos Virgen del Socav\u00f3n<\/p>\n<p>Delirio de Amor<\/p>\n<p>Fraternidad Sangre Caporal<\/p>\n<p>Artistas Invitados<\/p>\n<p>Ariel Cortez<\/p>\n<p>Gabriel Alarcon<\/p>\n<p>Martin Aleman<\/p>\n<p>Froilan Colque<\/p>\n","protected":false},"excerpt":{"rendered":"<p>Se llevara a cabo la muestra en las instalaciones del Centro Cultural H\u00e9ctor Tiz\u00f3n el d\u00eda Viernes 13 de Febrero a horas 20. La muestra tiene como objetivo promover, difundir y expresar nuestra identidad a trav\u00e9s de las Comparsas con sus diferentes lenguajes art\u00edsticos que integran una amplia trama de historias, vivencias y experiencias de [&hellip;]<\/p>\n","protected":false},"author":1,"featured_media":16151,"comment_status":"open","ping_status":"open","sticky":false,"template":"","format":"standard","meta":{"_stopmodifiedupdate":false,"_modified_date":"","inline_featured_image":false,"spay_email":"","jetpack_publicize_message":""},"categories":[17],"tags":[],"jetpack_featured_media_url":"https:\/\/notinor.com\/jujuy\/wp-content\/uploads\/2015\/02\/Centro-cultural-Tizon.jpg","jetpack_publicize_connections":[],"_links":{"self":[{"href":"https:\/\/notinor.com\/jujuy\/wp-json\/wp\/v2\/posts\/16150"}],"collection":[{"href":"https:\/\/notinor.com\/jujuy\/wp-json\/wp\/v2\/posts"}],"about":[{"href":"https:\/\/notinor.com\/jujuy\/wp-json\/wp\/v2\/types\/post"}],"author":[{"embeddable":true,"href":"https:\/\/notinor.com\/jujuy\/wp-json\/wp\/v2\/users\/1"}],"replies":[{"embeddable":true,"href":"https:\/\/notinor.com\/jujuy\/wp-json\/wp\/v2\/comments?post=16150"}],"version-history":[{"count":1,"href":"https:\/\/notinor.com\/jujuy\/wp-json\/wp\/v2\/posts\/16150\/revisions"}],"predecessor-version":[{"id":16152,"href":"https:\/\/notinor.com\/jujuy\/wp-json\/wp\/v2\/posts\/16150\/revisions\/16152"}],"wp:featuredmedia":[{"embeddable":true,"href":"https:\/\/notinor.com\/jujuy\/wp-json\/wp\/v2\/media\/16151"}],"wp:attachment":[{"href":"https:\/\/notinor.com\/jujuy\/wp-json\/wp\/v2\/media?parent=16150"}],"wp:term":[{"taxonomy":"category","embeddable":true,"href":"https:\/\/notinor.com\/jujuy\/wp-json\/wp\/v2\/categories?post=16150"},{"taxonomy":"post_tag","embeddable":true,"href":"https:\/\/notinor.com\/jujuy\/wp-json\/wp\/v2\/tags?post=16150"}],"curies":[{"name":"wp","href":"https:\/\/api.w.org\/{rel}","templated":true}]}}