{"id":16136,"date":"2015-02-12T10:00:15","date_gmt":"2015-02-12T13:00:15","guid":{"rendered":"http:\/\/notinor.com\/jujuy\/?p=16136"},"modified":"2015-02-12T01:34:00","modified_gmt":"2015-02-12T04:34:00","slug":"9-anos-despues-iniciara-el-juicio-por-el-homicidio-a-la-gendarme-carola-carretero","status":"publish","type":"post","link":"https:\/\/notinor.com\/jujuy\/9-anos-despues-iniciara-el-juicio-por-el-homicidio-a-la-gendarme-carola-carretero\/","title":{"rendered":"9 a\u00f1os despu\u00e9s iniciar\u00e1 el juicio por el homicidio a la Gendarme Carola Carretero"},"content":{"rendered":"<p>El juicio oral y p\u00fablico por el homicidio de Carola Elina Carretero comenzar\u00e1 el lunes 13 de abril del corriente a\u00f1o seg\u00fan lo estableci\u00f3 el Tribunal en lo Criminal N\u00ba 2, que estar\u00e1 integrado por los jueces Luis Ernesto Kamada \u2013 presidente de tr\u00e1mite-, y los habilitados Ra\u00fal Enrique Burgos y Humberto Mario Gonz\u00e1lez.<\/p>\n<p>&nbsp;<\/p>\n<p>El homicidio ocurri\u00f3 el 5 de marzo de 2006, en horas de la madrugada, en el interior de una vivienda ubicada en el barrio Malvinas de esta ciudad, lugar donde la v\u00edctima Carretero, integrante de la Gendarmer\u00eda Nacional,\u00a0 fue encontrada sin vida.<\/p>\n<p>&nbsp;<\/p>\n<p>Por el hecho ser\u00e1n enjuiciados los gendarmes Cristian Ariel Monje, supuesto autor penalmente responsable del delito de Participaci\u00f3n Criminal Secundaria de Homicidio Calificado, Roberto Omar Gonz\u00e1lez, supuesto autor penalmente responsable del delito de Homicidio Calificado por Alevos\u00eda, Diego Alberto Tapia y Agust\u00edn \u00c1ngel Castillo, supuestos autores penalmente responsables del delito de Encubrimiento Agravado, y Mario Antonio Olivares, supuesto autor penalmente responsable del delito de Falso Testimonio.<\/p>\n","protected":false},"excerpt":{"rendered":"<p>El juicio oral y p\u00fablico por el homicidio de Carola Elina Carretero comenzar\u00e1 el lunes 13 de abril del corriente a\u00f1o seg\u00fan lo estableci\u00f3 el Tribunal en lo Criminal N\u00ba 2, que estar\u00e1 integrado por los jueces Luis Ernesto Kamada \u2013 presidente de tr\u00e1mite-, y los habilitados Ra\u00fal Enrique Burgos y Humberto Mario Gonz\u00e1lez. &nbsp; [&hellip;]<\/p>\n","protected":false},"author":1,"featured_media":16137,"comment_status":"open","ping_status":"open","sticky":false,"template":"","format":"standard","meta":{"_stopmodifiedupdate":false,"_modified_date":"","inline_featured_image":false,"spay_email":"","jetpack_publicize_message":""},"categories":[485],"tags":[],"jetpack_featured_media_url":"https:\/\/notinor.com\/jujuy\/wp-content\/uploads\/2015\/02\/carolina-carretero.jpg","jetpack_publicize_connections":[],"_links":{"self":[{"href":"https:\/\/notinor.com\/jujuy\/wp-json\/wp\/v2\/posts\/16136"}],"collection":[{"href":"https:\/\/notinor.com\/jujuy\/wp-json\/wp\/v2\/posts"}],"about":[{"href":"https:\/\/notinor.com\/jujuy\/wp-json\/wp\/v2\/types\/post"}],"author":[{"embeddable":true,"href":"https:\/\/notinor.com\/jujuy\/wp-json\/wp\/v2\/users\/1"}],"replies":[{"embeddable":true,"href":"https:\/\/notinor.com\/jujuy\/wp-json\/wp\/v2\/comments?post=16136"}],"version-history":[{"count":1,"href":"https:\/\/notinor.com\/jujuy\/wp-json\/wp\/v2\/posts\/16136\/revisions"}],"predecessor-version":[{"id":16138,"href":"https:\/\/notinor.com\/jujuy\/wp-json\/wp\/v2\/posts\/16136\/revisions\/16138"}],"wp:featuredmedia":[{"embeddable":true,"href":"https:\/\/notinor.com\/jujuy\/wp-json\/wp\/v2\/media\/16137"}],"wp:attachment":[{"href":"https:\/\/notinor.com\/jujuy\/wp-json\/wp\/v2\/media?parent=16136"}],"wp:term":[{"taxonomy":"category","embeddable":true,"href":"https:\/\/notinor.com\/jujuy\/wp-json\/wp\/v2\/categories?post=16136"},{"taxonomy":"post_tag","embeddable":true,"href":"https:\/\/notinor.com\/jujuy\/wp-json\/wp\/v2\/tags?post=16136"}],"curies":[{"name":"wp","href":"https:\/\/api.w.org\/{rel}","templated":true}]}}