{"id":161097,"date":"2018-02-26T05:35:48","date_gmt":"2018-02-26T08:35:48","guid":{"rendered":"http:\/\/notinor.com\/jujuy\/?p=161097"},"modified":"2018-02-26T07:38:24","modified_gmt":"2018-02-26T10:38:24","slug":"objeto-descentralizar-la-atencion-medica-los-hospitales-habra-medicos-los-barrios","status":"publish","type":"post","link":"https:\/\/notinor.com\/jujuy\/objeto-descentralizar-la-atencion-medica-los-hospitales-habra-medicos-los-barrios\/","title":{"rendered":"Con el objeto de descentralizar la atenci\u00f3n medica de los hospitales, habr\u00e1 m\u00e9dicos en los barrios"},"content":{"rendered":"<p><img decoding=\"async\" loading=\"lazy\" class=\"alignnone wp-image-20553 size-full\" src=\"http:\/\/notinor.com\/jujuy\/wp-content\/uploads\/2015\/03\/medicos-cubanos.jpg\" alt=\"\" width=\"770\" height=\"433\" srcset=\"https:\/\/notinor.com\/jujuy\/wp-content\/uploads\/2015\/03\/medicos-cubanos.jpg 770w, https:\/\/notinor.com\/jujuy\/wp-content\/uploads\/2015\/03\/medicos-cubanos-300x168.jpg 300w, https:\/\/notinor.com\/jujuy\/wp-content\/uploads\/2015\/03\/medicos-cubanos-199x112.jpg 199w\" sizes=\"(max-width: 770px) 100vw, 770px\" \/><\/p>\n<p>Bajo un nuevo sistema de distribuci\u00f3n el m\u00e9dico de familia ocupar\u00e1 un rol fundamental en cada Centro de Salud. Desde all\u00ed conocer\u00e1 al ciudadano, su entorno, la situaci\u00f3n sanitaria barrial y ser\u00e1 el responsable de realizar las derivaciones a los especialistas.<\/p>\n<p>\u201cCon esta nueva disposici\u00f3n se busca descentralizar la atenci\u00f3n logrando que el paciente asista al Puesto de Salud m\u00e1s cercano a su domicilio y no llegue a las guardias de nivel central sin una derivaci\u00f3n necesaria y un diagn\u00f3stico certero. Adem\u00e1s de garantizarle al mismo la atenci\u00f3n de un profesional sin tener muchas horas de espera\u201d, sostuvo el Ministro de Salud, Gustavo Bohuid.<\/p>\n<p><img decoding=\"async\" loading=\"lazy\" class=\"alignnone size-full wp-image-152757\" src=\"http:\/\/notinor.com\/jujuy\/wp-content\/uploads\/2018\/01\/bohuid.jpg\" alt=\"\" width=\"870\" height=\"597\" \/><\/p>\n<p>A trav\u00e9s de una redistribuci\u00f3n del recurso humano, que actualmente se concentra en los hospitales, cada Centro de Salud contar\u00e1 con un M\u00e9dico de Familia. \u201cUna figura que viene a fortalecer la estrategia de Atenci\u00f3n Primaria de la Salud buscando mejorar la calidad de atenci\u00f3n y sobre todo la accesibilidad de los usuarios\u201d, se\u00f1al\u00f3 el titular de la Cartera Sanitaria.<\/p>\n<p>Esta transformaci\u00f3n iniciar\u00e1 en el mes de marzo en la capital y progresivamente se implementar\u00e1 en el interior de la Provincia. En esta primera etapa se fortalecer\u00e1n cuatro Centros de Salud en San Salvador, tanto en la zona sur como norte donde se dispondr\u00e1 de guardias hasta las doce de la noche.<\/p>\n<p>Por \u00faltimo Bouhid afirm\u00f3 que \u201ca medida que se concreten los cambios vamos a ir comunicando cada detalle, la comunidad ser\u00e1 la principal beneficiada con este nuevo modelo y le pedimos la mayor colaboraci\u00f3n posible. Es importante que asistan al Puesto de Salud m\u00e1s cercano a su domicilio y la primer consulta la realicen con el M\u00e9dico de Familia\u201d, finaliz\u00f3.<\/p>\n","protected":false},"excerpt":{"rendered":"<p>Bajo un nuevo sistema de distribuci\u00f3n el m\u00e9dico de familia ocupar\u00e1 un rol fundamental en cada Centro de Salud. Desde all\u00ed conocer\u00e1 al ciudadano, su entorno, la situaci\u00f3n sanitaria barrial y ser\u00e1 el responsable de realizar las derivaciones a los especialistas. \u201cCon esta nueva disposici\u00f3n se busca descentralizar la atenci\u00f3n logrando que el paciente asista [&hellip;]<\/p>\n","protected":false},"author":1,"featured_media":20553,"comment_status":"open","ping_status":"open","sticky":false,"template":"","format":"standard","meta":{"_stopmodifiedupdate":false,"_modified_date":"","inline_featured_image":false,"spay_email":"","jetpack_publicize_message":""},"categories":[2],"tags":[],"jetpack_featured_media_url":"https:\/\/notinor.com\/jujuy\/wp-content\/uploads\/2015\/03\/medicos-cubanos.jpg","jetpack_publicize_connections":[],"_links":{"self":[{"href":"https:\/\/notinor.com\/jujuy\/wp-json\/wp\/v2\/posts\/161097"}],"collection":[{"href":"https:\/\/notinor.com\/jujuy\/wp-json\/wp\/v2\/posts"}],"about":[{"href":"https:\/\/notinor.com\/jujuy\/wp-json\/wp\/v2\/types\/post"}],"author":[{"embeddable":true,"href":"https:\/\/notinor.com\/jujuy\/wp-json\/wp\/v2\/users\/1"}],"replies":[{"embeddable":true,"href":"https:\/\/notinor.com\/jujuy\/wp-json\/wp\/v2\/comments?post=161097"}],"version-history":[{"count":1,"href":"https:\/\/notinor.com\/jujuy\/wp-json\/wp\/v2\/posts\/161097\/revisions"}],"predecessor-version":[{"id":161098,"href":"https:\/\/notinor.com\/jujuy\/wp-json\/wp\/v2\/posts\/161097\/revisions\/161098"}],"wp:featuredmedia":[{"embeddable":true,"href":"https:\/\/notinor.com\/jujuy\/wp-json\/wp\/v2\/media\/20553"}],"wp:attachment":[{"href":"https:\/\/notinor.com\/jujuy\/wp-json\/wp\/v2\/media?parent=161097"}],"wp:term":[{"taxonomy":"category","embeddable":true,"href":"https:\/\/notinor.com\/jujuy\/wp-json\/wp\/v2\/categories?post=161097"},{"taxonomy":"post_tag","embeddable":true,"href":"https:\/\/notinor.com\/jujuy\/wp-json\/wp\/v2\/tags?post=161097"}],"curies":[{"name":"wp","href":"https:\/\/api.w.org\/{rel}","templated":true}]}}