{"id":161094,"date":"2018-02-26T06:26:55","date_gmt":"2018-02-26T09:26:55","guid":{"rendered":"http:\/\/notinor.com\/jujuy\/?p=161094"},"modified":"2018-02-26T07:30:12","modified_gmt":"2018-02-26T10:30:12","slug":"carrio-dijo-hugo-pablo-moyano-criminales-tapado-muchas-muertes","status":"publish","type":"post","link":"https:\/\/notinor.com\/jujuy\/carrio-dijo-hugo-pablo-moyano-criminales-tapado-muchas-muertes\/","title":{"rendered":"Carri\u00f3 dijo que Hugo y Pablo Moyano son criminales que han tapado muchas muertes"},"content":{"rendered":"<p>&nbsp;<\/p>\n<blockquote class=\"twitter-tweet\" data-width=\"500\" data-dnt=\"true\">\n<p lang=\"es\" dir=\"ltr\">ENTREVISTA A ELISA CARRI\u00d3: &quot;Argentina no puede seguir en manos de las mafias, esa es la... <a href=\"https:\/\/t.co\/PtFSe3vRo7\">https:\/\/t.co\/PtFSe3vRo7<\/a> <a href=\"https:\/\/t.co\/X4PtKYnaBV\">pic.twitter.com\/X4PtKYnaBV<\/a><\/p>\n<p>&mdash; Diario El Pais UY (@elpaisuy) <a href=\"https:\/\/twitter.com\/elpaisuy\/status\/967693953918173185?ref_src=twsrc%5Etfw\">February 25, 2018<\/a><\/p><\/blockquote>\n<p><script async src=\"https:\/\/platform.twitter.com\/widgets.js\" charset=\"utf-8\"><\/script><\/p>\n<p style=\"text-align: center;\">\"Es un criminal, es una familia de criminales. No toda su familia, pero al menos \u00e9l y Pablo (Moyano) seguro\", dijo la legisladora en una entrevista publicada hoy por el diario El Pa\u00eds, de Montevideo, luego de una visita de Carri\u00f3 a la capital uruguaya donde junto con el embajador argentino en Uruguay, Mario Barletta, mantuvo reuniones con dirigentes del Parlasur.<\/p>\n<p>Moyano \"es el jefe\", respondi\u00f3 acerca de si el sindicalista es parte de esa \"mafia\", y agreg\u00f3: \"cuando digo criminales digo criminales, no s\u00f3lo de robo de dinero\". \"Hay muchas muertes que no se explican, muchas muertes tapadas\" dijo Carri\u00f3, y agreg\u00f3: \"Si el puede seguir en manos de las mafias\", por lo que es \"una batalla que vale la pena dar\".<\/p>\n<p>\"\u00c9l (por Hugo Moyano) tiene muchos cr\u00edmenes atr\u00e1s, pero muchos. Su hijo Pablo tambi\u00e9n. As\u00ed que marchen, pero que tambi\u00e9n marchen a la justicia\", puntualiz\u00f3, y lo relacion\u00f3 con el ex presidente N\u00e9stor Kirchner al sostener que \"el pacto con Moyano fue expl\u00edcito hasta su misma muerte\".<\/p>\n","protected":false},"excerpt":{"rendered":"<p>&nbsp; ENTREVISTA A ELISA CARRI\u00d3: &quot;Argentina no puede seguir en manos de las mafias, esa es la... https:\/\/t.co\/PtFSe3vRo7 pic.twitter.com\/X4PtKYnaBV &mdash; Diario El Pais UY (@elpaisuy) February 25, 2018 \"Es un criminal, es una familia de criminales. No toda su familia, pero al menos \u00e9l y Pablo (Moyano) seguro\", dijo la legisladora en una entrevista publicada [&hellip;]<\/p>\n","protected":false},"author":1,"featured_media":148421,"comment_status":"open","ping_status":"open","sticky":false,"template":"","format":"standard","meta":{"_stopmodifiedupdate":false,"_modified_date":"","inline_featured_image":false,"spay_email":"","jetpack_publicize_message":""},"categories":[5],"tags":[],"jetpack_featured_media_url":"https:\/\/notinor.com\/jujuy\/wp-content\/uploads\/2017\/12\/carrio.jpg","jetpack_publicize_connections":[],"_links":{"self":[{"href":"https:\/\/notinor.com\/jujuy\/wp-json\/wp\/v2\/posts\/161094"}],"collection":[{"href":"https:\/\/notinor.com\/jujuy\/wp-json\/wp\/v2\/posts"}],"about":[{"href":"https:\/\/notinor.com\/jujuy\/wp-json\/wp\/v2\/types\/post"}],"author":[{"embeddable":true,"href":"https:\/\/notinor.com\/jujuy\/wp-json\/wp\/v2\/users\/1"}],"replies":[{"embeddable":true,"href":"https:\/\/notinor.com\/jujuy\/wp-json\/wp\/v2\/comments?post=161094"}],"version-history":[{"count":1,"href":"https:\/\/notinor.com\/jujuy\/wp-json\/wp\/v2\/posts\/161094\/revisions"}],"predecessor-version":[{"id":161096,"href":"https:\/\/notinor.com\/jujuy\/wp-json\/wp\/v2\/posts\/161094\/revisions\/161096"}],"wp:featuredmedia":[{"embeddable":true,"href":"https:\/\/notinor.com\/jujuy\/wp-json\/wp\/v2\/media\/148421"}],"wp:attachment":[{"href":"https:\/\/notinor.com\/jujuy\/wp-json\/wp\/v2\/media?parent=161094"}],"wp:term":[{"taxonomy":"category","embeddable":true,"href":"https:\/\/notinor.com\/jujuy\/wp-json\/wp\/v2\/categories?post=161094"},{"taxonomy":"post_tag","embeddable":true,"href":"https:\/\/notinor.com\/jujuy\/wp-json\/wp\/v2\/tags?post=161094"}],"curies":[{"name":"wp","href":"https:\/\/api.w.org\/{rel}","templated":true}]}}