{"id":161080,"date":"2018-02-26T06:23:31","date_gmt":"2018-02-26T09:23:31","guid":{"rendered":"http:\/\/notinor.com\/jujuy\/?p=161080"},"modified":"2018-02-26T10:34:23","modified_gmt":"2018-02-26T13:34:23","slug":"algunas-posiciones-diputados-jujenos-aborto","status":"publish","type":"post","link":"https:\/\/notinor.com\/jujuy\/algunas-posiciones-diputados-jujenos-aborto\/","title":{"rendered":"Algunas posiciones de Diputados juje\u00f1os sobre el aborto"},"content":{"rendered":"<p><img decoding=\"async\" loading=\"lazy\" class=\"wp-image-151073 aligncenter\" src=\"http:\/\/notinor.com\/jujuy\/wp-content\/uploads\/2017\/12\/diputados-presupuesto-2018.jpg\" alt=\"\" width=\"647\" height=\"363\" \/><\/p>\n<p>En el caso el Diputado Nacional Justicialista, Jos\u00e9 Luis Martiarena, al ser consultado por el debate abierto por el gobierno nacional sobre el aborto expreso que \"el presidente Macri y Duran Barba pretenden distraer la atenci\u00f3n de los argentinos al abrir el debate por la despenalizaci\u00f3n del aborto con la intenci\u00f3n de \"dividir para reinar\".<\/p>\n<p>Si bien el Diputado consider\u00f3 que: \u201cel tema del aborto es importante y hay que abordarlo oportunamente aunque consider\u00f3 que es prioritaria una agenda legislativa con temas como: paritarias, inflaci\u00f3n y la pobreza\u201d entre otros temas urgentes. No obstante el diputado tomo una posici\u00f3n abierta con respecto al tema en cuesti\u00f3n.<\/p>\n<p>En cuanto al diputado Alejandro Snopek, \u00a0sobre el debate del Aborto, aseguro que se opone rotundamente a cualquier proyecto pro abortista.<\/p>\n<p>En tal sentido, expres\u00f3 que, \u201cde acuerdo a mi concepci\u00f3n, profundamente humanista y cristiana, siempre voy a estar a favor de la defensa de la vida, empezando por la vida de un inocente ni\u00f1o por nacer\u201d.<\/p>\n<p>Snopek adem\u00e1s se\u00f1al\u00f3 que el derecho a la vida prevalece y es m\u00e1s importante que cualquier otro derecho que se pretenda interponer. \u201cLos adultos que hoy tenemos la gracia de la vida no tenemos ning\u00fan derecho de priv\u00e1rsela a un nuevo ser humano concebido\u201d declar\u00f3.<\/p>\n<p>Por su parte la diputada nacional y presidenta hasta diciembre de la comisi\u00f3n de Familia, Mujer, Ni\u00f1ez\u00a0 y Adolescencia de la C\u00e1mara de Diputados, Alejandra \u00a0Mart\u00ednez de la UCR, asegur\u00f3 que abordar el tema del aborto es se\u00f1al de madurez pol\u00edtica.<\/p>\n<p>Mart\u00ednez asegur\u00f3 que \u201ces firmante del proyecto y destac\u00f3 que el presidente haya comprendido la importancia que tiene para la sociedad tratar seriamente este tema es fundamental. Celebro la vocaci\u00f3n y el respeto por discutir con responsabilidad el tema\u201d.<\/p>\n<p>Por \u00faltimo, asegur\u00f3 que \u201cperder el miedo a discutir los temas tab\u00fa. Poner los argumentos sobre la mesa y permitir que cada diputada\/o vote seg\u00fan sus convicciones. Es hora de avanzar para sacar el tema de una clandestinidad que mata\u201d, concluy\u00f3.<\/p>\n<p>&nbsp;<\/p>\n","protected":false},"excerpt":{"rendered":"<p>En el caso el Diputado Nacional Justicialista, Jos\u00e9 Luis Martiarena, al ser consultado por el debate abierto por el gobierno nacional sobre el aborto expreso que \"el presidente Macri y Duran Barba pretenden distraer la atenci\u00f3n de los argentinos al abrir el debate por la despenalizaci\u00f3n del aborto con la intenci\u00f3n de \"dividir para reinar\". [&hellip;]<\/p>\n","protected":false},"author":1,"featured_media":137952,"comment_status":"open","ping_status":"open","sticky":false,"template":"","format":"standard","meta":{"_stopmodifiedupdate":false,"_modified_date":"","inline_featured_image":false,"spay_email":"","jetpack_publicize_message":""},"categories":[2,489,501],"tags":[],"jetpack_featured_media_url":"https:\/\/notinor.com\/jujuy\/wp-content\/uploads\/2017\/09\/aborto.jpg","jetpack_publicize_connections":[],"_links":{"self":[{"href":"https:\/\/notinor.com\/jujuy\/wp-json\/wp\/v2\/posts\/161080"}],"collection":[{"href":"https:\/\/notinor.com\/jujuy\/wp-json\/wp\/v2\/posts"}],"about":[{"href":"https:\/\/notinor.com\/jujuy\/wp-json\/wp\/v2\/types\/post"}],"author":[{"embeddable":true,"href":"https:\/\/notinor.com\/jujuy\/wp-json\/wp\/v2\/users\/1"}],"replies":[{"embeddable":true,"href":"https:\/\/notinor.com\/jujuy\/wp-json\/wp\/v2\/comments?post=161080"}],"version-history":[{"count":1,"href":"https:\/\/notinor.com\/jujuy\/wp-json\/wp\/v2\/posts\/161080\/revisions"}],"predecessor-version":[{"id":161081,"href":"https:\/\/notinor.com\/jujuy\/wp-json\/wp\/v2\/posts\/161080\/revisions\/161081"}],"wp:featuredmedia":[{"embeddable":true,"href":"https:\/\/notinor.com\/jujuy\/wp-json\/wp\/v2\/media\/137952"}],"wp:attachment":[{"href":"https:\/\/notinor.com\/jujuy\/wp-json\/wp\/v2\/media?parent=161080"}],"wp:term":[{"taxonomy":"category","embeddable":true,"href":"https:\/\/notinor.com\/jujuy\/wp-json\/wp\/v2\/categories?post=161080"},{"taxonomy":"post_tag","embeddable":true,"href":"https:\/\/notinor.com\/jujuy\/wp-json\/wp\/v2\/tags?post=161080"}],"curies":[{"name":"wp","href":"https:\/\/api.w.org\/{rel}","templated":true}]}}