{"id":161071,"date":"2018-02-26T01:24:49","date_gmt":"2018-02-26T04:24:49","guid":{"rendered":"http:\/\/notinor.com\/jujuy\/?p=161071"},"modified":"2018-02-26T11:44:31","modified_gmt":"2018-02-26T14:44:31","slug":"diagnostico-la-semana-3","status":"publish","type":"post","link":"https:\/\/notinor.com\/jujuy\/diagnostico-la-semana-3\/","title":{"rendered":"El Diagn\u00f3stico de la Semana"},"content":{"rendered":"<figure id=\"attachment_97150\" aria-describedby=\"caption-attachment-97150\" style=\"width: 640px\" class=\"wp-caption alignnone\"><img decoding=\"async\" loading=\"lazy\" class=\"wp-image-97150 size-full\" src=\"http:\/\/notinor.com\/jujuy\/wp-content\/uploads\/2016\/11\/BENJAMIN-URDEMALES.jpg\" alt=\"\" width=\"640\" height=\"367\" srcset=\"https:\/\/notinor.com\/jujuy\/wp-content\/uploads\/2016\/11\/BENJAMIN-URDEMALES.jpg 640w, https:\/\/notinor.com\/jujuy\/wp-content\/uploads\/2016\/11\/BENJAMIN-URDEMALES-300x172.jpg 300w\" sizes=\"(max-width: 640px) 100vw, 640px\" \/><figcaption id=\"caption-attachment-97150\" class=\"wp-caption-text\"><strong><em>El analista del mayor y m\u00e1s agudo olfato para la pol\u00edtica<\/em><\/strong><\/figcaption><\/figure>\n<p><strong>Por Benjamin Urdemales ||<\/strong> Entramos en unas de esas semanas que se dividen entre la recta final del mes que se va y la recta inicial al mes que comienza.\u00a0 Se nos fue febrero, el mes m\u00e1s corto del a\u00f1o en el que, a pesar de que a muchos todav\u00eda los tiene agarrados el Carnaval, dio bastante qu\u00e9 hablar, sobre todo en los \u00faltimos d\u00edas.\u00a0 Termina con interesantes temas irresueltos que se trasladan a marzo, como las paritarias docentes en todo el p\u00e1is.\u00a0 Y termina con una apertura en el debate de la despenalizaci\u00f3n del aborto que los argentinos, como sociedad, nos deb\u00edamos hace rato.<\/p>\n<h2><strong>MARCHA 21-F<\/strong><\/h2>\n<p>Sin dudas, entre los temas m\u00e1s sobresalientes de la semana que pas\u00f3, tanto en el \u00e1mbito nacional como provincial, fue la profundizaci\u00f3n de la conflictividad gremial, con los docentes a la cabeza y en pie de guerra en todo el pa\u00eds.<\/p>\n<p>La oposici\u00f3n parece que est\u00e1 para que la encabece cualquiera, pues hasta el momento la muestra m\u00e1s contundente de oposici\u00f3n y rechazo al nuevo modelo de pa\u00eds, con todas las reformas que implica, la dio nada menos que Hugo Moyano con una convocatoria importante en la 9 de Julio.<\/p>\n<p>A falta de referentes, en todo el abanico de la oposici\u00f3n, que puedan encarnar la deseada unidad para enfrentar al macrismo, dicha orfandad de liderazgo permiti\u00f3 que un sindicalista hoy tan cuestionado como Hugo Moyano se pudiera subir a la palestra, rodeado de los sindicalistas que aun le responden, y ahora junto al kirchnerismo y a la izquierda.\u00a0 Una peligrosa mezcla vol\u00e1til.<\/p>\n<p>El poder de convocatoria de Hugo Moyano, a pesar de las deserciones y las traiciones de parte del sindicalismo ortodoxo, parece mantenerse intacto y hasta mejorado.\u00a0 Justamente, es lo que tiene que en la vereda de la oposici\u00f3n no haya nadie potable para catalizar la llamada \"resistencia\".\u00a0 Todos est\u00e1n cuestionados, procesados, imputados, y quemados.\u00a0 El mismo Moyano est\u00e1 en la misma situaci\u00f3n, pero al parecer la verg\u00fcenza no es uno de los frenos morales en la conciencia del camionero.<\/p>\n<p>Hay que reconocer que la marcha fue importante, pues fue la primera muestra de poder en cuanto a convocatoria y manejo de la calle en dos a\u00f1os.\u00a0 Entre 200 mil y 400 mil personas, dependiendo a quien se le pregunte, fue la multitud que moviliz\u00f3 el llamado de Moyano.\u00a0 Aunque, cabe aclarar que con la ayudita del aparato clientelar del peronismo que, al igual que el poder de convocatoria del camionero, parece seguir intacto.<\/p>\n<p>La marcha en s\u00ed, fue para visibilizar el rechazo a una serie de medidas que comenzaron a implementarse desde diciembre pasado.\u00a0 Y sobre todo para hacer o\u00edr el clamor de una parte de la poblaci\u00f3n que perdi\u00f3 la paciencia porque todav\u00eda no siente en el bolsillo las supuestas bondades del modelo de Macri.<\/p>\n<p>Sin embargo, la marcha qued\u00f3 deste\u00f1ida por el olorcito a defensa corporativa de un sector de dirigentes pol\u00edticos y gremialistas que tienen miedo correr la misma suerte que el camionero, en cuanto a los problemas con la Justicia, y por ello abren el paraguas y hacen de apologetas de un l\u00edder sindical que, como tantos en este pa\u00eds, no puede justificar el abultado patrimonio, y que deber\u00eda estar en decadencia.<\/p>\n<p>Desde el gobierno respondieron \"a lo Kirchner\".\u00a0 Sorpresivamente y contra todo pron\u00f3stico, Macri decidi\u00f3 ahondar las medidas que viene tomando en torno a los gremios, y ya est\u00e1 en marcha un proyecto por el que se le quitar\u00e1 el control de los fondos de las obras sociales a los sindicatos\u00a0 Justo donde m\u00e1s duele.<\/p>\n<p>Transcurrida la marcha, Moyano tendi\u00f3 la mano al gobierno para reiniciar el di\u00e1logo pero en el Gobierno hay cautela y la rechazaron amablemente \"por ahora\", hasta tanto se pueda acordar un clima sin presiones y mientras tanto los temas del encuentro no est\u00e9n vinculados a incumbencias de otros poderes.\u00a0 En este gobierno no quieren saber nada con escuchar quejas sobre otros poderes, sobre todo porque se tiene la convicci\u00f3n de que nada se puede ni se debe hacer al respecto.<\/p>\n<p>Con esta marcha de por medio, los docentes en Buenos Aires, CABA, y de all\u00ed donde se est\u00e9 dando la discusi\u00f3n paritaria por la recomposici\u00f3n salarial para este a\u00f1o, se sienten un poco m\u00e1s s\u00f3lidos en la posici\u00f3n de rechazo a los ofrecimientos, sobre todo cuando desde las CTA, tanto Yasky como Micheli prometieron un paro nacional en marzo en caso de que no se avance en esta negociaci\u00f3n que resulta clave para la mayor\u00eda de los sindicatos de empleados p\u00fablicos.<\/p>\n<h2><strong>LA PARITARIA DOCENTE, UN DI\u00c1LOGO A LOS GRITOS ENTRE SORDOS<\/strong><\/h2>\n<p>En nuestra provincia no ocurre algo distinto.\u00a0 Docentes y Gobierno ya se han sentado dos veces a negociar la recomposici\u00f3n.\u00a0 No hay acuerdo hasta ahora.\u00a0 El ofrecimiento del gobierno parece una burla.\u00a0 Hay que decirlo as\u00ed, sin anestesia, teniendo en cuenta el \u00edndice de inflaci\u00f3n oficial tanto nacional como provincial, que miden respectivamente el INDEC y la DIPEC.<\/p>\n<p>Los docentes no solo reclaman un porcentaje de aumento cercano a la inflaci\u00f3n real, sino que aun est\u00e1n a la espera de una recompsoci\u00f3n salarial prometida que qued\u00f3 trunca en a\u00f1o pasado pues nunca se realiz\u00f3.\u00a0 El gobierno les hab\u00eda prometido, tambi\u00e9n a los dem\u00e1s empleados p\u00fablicos, reajustar, en alg\u00fan punto, el aumento otorgado el a\u00f1o pasado, que qued\u00f3 15 puntos cortos debajo de la inflaci\u00f3n oficial.\u00a0 Por esa raz\u00f3n, ning\u00fan gremio, en su sano juicio va a aceptar un aumento \"a cuenta\".\u00a0 Sencillamente no volver\u00e1n a caer en la trampa del 2017.<\/p>\n<p>Tambi\u00e9n exigen la aplicaci\u00f3n de la cl\u00e1usula gatillo y, entre otras cosas, hay particularidades propias de la actividad docente que contin\u00faan irresueltas, como el boleto docente y la devoluci\u00f3n de d\u00edas descontados.<\/p>\n<p>Por ahora el gobierno se mantiene inflexible en la postura del 5% y unos aumentitos aqu\u00ed y all\u00e1 en suplementos no bonificables, es decir, \u201cen negro\u201d ya que no repercutir\u00e1n en la jubilaci\u00f3n.\u00a0 Son los viejos y confiables enga\u00f1apichangas para salir del paso que utilizan siempre desde el gobierno, independientemente del color pol\u00edtico.\u00a0 Es uno de los sentidos en que no hemos cambiado.<\/p>\n<p>As\u00ed como est\u00e1n las cosas, el acuerdo se mantiene tan o m\u00e1s lejano que antes.\u00a0 Y peligra el inicio de clases.<\/p>\n<h2><strong>\u00bfPANTALLAS DE HUMO PARA DESVIAR LA ATENCI\u00d3N?<\/strong><\/h2>\n<p>Dicen las malas lenguas que, tanto el gobierno nacional como provincial, improvisaron la instalaci\u00f3n de temas en el debate p\u00fablico a modo de pantalla de humo para evadir realidades como, por ejemplo, la paritaria docente o la venta del Ingenio La Esperanza, y ganar, por esta v\u00eda, apoyo popular.<\/p>\n<p>Eso aseguran las malas lenguas y los suspicaces de siempre, aunque la verdad es que son temas que arrastran una buena cantidad de a\u00f1os entre los reclamos sociales ignorados.\u00a0\u00a0Nunca se prest\u00f3 la debida atenci\u00f3n, sea porque eran tab\u00faes, o porque no era conveniente al modelo de pol\u00edtica clientelar.<\/p>\n<p>Lo cierto es que el Gobierno Nacional, pocas horas despu\u00e9s de la Marcha 21-F, instal\u00f3 el tema del aborto y su posible despenalizaci\u00f3n.\u00a0 Y el gobierno provincial, en medio de una paritaria docente condenada al fracaso y de una peleaguda venta del Ingenio La Esperanza, hizo lo propio poniendo en conocimiento de la sociedad la propuesta del ministro Bouhid sobre el cobro de seguros m\u00e9dicos a extranjeros.<\/p>\n<h3><strong>DESPENALIZACI\u00d3N DEL ABORTO<\/strong><\/h3>\n<p>Si esto es como dicen los suspicaces, no dejar\u00eda de ser una jugada magistral. Pero lo cierto es que es un temas que pr\u00e1cticamente no tiene bandera pol\u00edtica, puesto que el aborto es reivindicado por cuanta rama femenina existe en los distintos partidos pol\u00edticos.<\/p>\n<p>Si bien hay que reconocer que fueron las feministas quienes mantuvieron el tema siempre visible, y siempre vigente, solo a los m\u00e1s fan\u00e1ticos escapa el hecho de que la necesidad de la despenalizaci\u00f3n del aborto es un reclamo de gran parte de la sociedad.\u00a0 Y nos hace muy bien como sociedad que se d\u00e9, de una buena vez, este debate que nos deb\u00edamos hace rato.<\/p>\n<p>Las posturas sobre la despenalizaci\u00f3n son muy variadas, y llegan hasta los extremos m\u00e1s radicales, desde una completa prohibici\u00f3n, aun hasta en esos casos permitidos por la ley, hasta una permisividad irrestricta y absoluta, al punto de concebir al aborto como un derecho.<\/p>\n<p>De ninguna manera puede concebirse al aborto como un derecho, pues no puede existir un derecho a poner fin a una vida.\u00a0 Es un hecho cient\u00edfico y un concepto jur\u00eddico arraigado que la vida comienza en el momento de la concepci\u00f3n.\u00a0 Se cae de maduro que cuando se unen los gametos estamos en presencia de un ser humano en formaci\u00f3n, y no en presencia de un marciano.\u00a0 Por ello el Pacto de San Jos\u00e9 de Costa Rica, de rango constitucional, as\u00ed lo sostiene en su articulado, obligando a los Estados firmantes a proteger jur\u00eddicamente la vida desde ese momento.<\/p>\n<p>Ahora bien, el aborto es una realidad que ocurre d\u00eda a d\u00eda.\u00a0 Miles de mujeres abortan, independientemente de si es ilegal o est\u00e1 penalizado.\u00a0 Y hay una cantidad de profesionales que lo practican en la clandestinidad, en cl\u00ednicas a las que solo pueden acceder aquellas con recursos econ\u00f3micos.<\/p>\n<p>Aqu\u00ed surge el gran dilema.\u00a0 La realidad nos indica que las mujeres que no tienen los suficientes recursos para recurrir a la medicina privada, recurren a curanderas y enfermeros del barrio, donde los abortos son practicados con m\u00e9todos que van de lo peligroso hasta lo anticient\u00edfico.<\/p>\n<p>Por esos m\u00e9todos, y a falta de reg\u00edmenes de antibi\u00f3ticos y seguimiento m\u00e9dico de una paciente, es que muchas mujeres mueren a causa de estas pr\u00e1cticas en las que se utilizan instrumentos rudimentarios como perchas, ramos de perejil, \u00a0o brebajes de dudosa eficiencia y elaboraci\u00f3n.\u00a0 Aun en los casos en que se suministran pastillas abortivas, la dosis muchas veces no es la correcta, y nunca est\u00e1 ausente el riesgo de pastillas vencidas o dadas fuera de t\u00e9rmino.\u00a0 Podr\u00edamos invertir mucha tinta en cuanto a las condiciones en que se realizan muchos de los abortos clandestinos, pero no es el objetivo de estas l\u00edneas el concientizar sobre estos peligros.<\/p>\n<p>El objetivo de esta reflexi\u00f3n es dejar en claro el hecho de que existe una realidad y que la ley debe reflejar la realidad, libre de supersticiones religiosas o jur\u00eddicas.\u00a0 Tambi\u00e9n dejar en claro que, aunque exista una realidad, bajo ninguna perspectiva se podr\u00eda concebir este reconocimiento de los hechos como un derecho.<\/p>\n<p>Es necesaria una ley definitiva al respecto, que delimite los casos permitidos.\u00a0 As\u00ed se podr\u00edan evitar las absurdas judicializaciones por parte de fan\u00e1ticos religiosos, por un lado, pero m\u00e1s importante que eso se podr\u00e1 brindar a toda mujer la alternativa de obtener este procedimiento en un hospital p\u00fablico, gratuitamente, con todas las garant\u00edas posibles, previa decisi\u00f3n informada.<\/p>\n<p>Es hora de avanzar.\u00a0 De la misma manera que en su momento se avanz\u00f3 con el divorcio o con el matrimonio igualitario.\u00a0 Es el momento de poner nuestra legislaci\u00f3n en consonancia con la realidad.<\/p>\n<p>El gobierno nacional hizo muy bien en poner este tema en el debate, y ojal\u00e1 se pueda avanzar, sin apuros, con la debida y profunda discusi\u00f3n.\u00a0 Tampoco es cuesti\u00f3n de aprobar algo a las apuradas para cumplir con una fecha como el D\u00eda de la Mujer, como pretenden algunos.<\/p>\n<h3><strong>COBRAR A LOS EXTRANJEROS POR LOS SERVICIOS M\u00c9DICOS PRESTADOS EN LA PROVINCIA<\/strong><\/h3>\n<p>El \u00a0gobierno provincial anunci\u00f3 un proyecto de ley para cobrarle, en principio al Estado Boliviano, por la atenci\u00f3n m\u00e9dica de sus ciudadanos en los hospitales p\u00fablicos de la provincia.<\/p>\n<p>M\u00e1s all\u00e1 de la controversia y la grieta que se ha generado, lo cierto es que esta es otra realidad que debe atenderse cuanto antes.\u00a0 \u00a0\u00a0A nadie escapa el hecho irrefutable de que miles de ciudadanos bolivianos vienen a Argentina solo a hacer uso y abuso de la generosidad de nuestras leyes.<\/p>\n<p>Debe quedar en claro que una medida de este tipo no puede incluir, de ninguna manera, a aquellos residentes bolivianos que forman parte de nuestra comunidad, porque ellos si sostienen el sistema a trav\u00e9s de sus impuestos y contribuciones.\u00a0 \u00a0Una iniciativa de este tipo solo debe alcanzar a aquellos que solo vienen a aprovechar el sistema.<\/p>\n<p>El gobierno argentino le hab\u00eda propuesto al gobierno boliviano un convenio de reciprocidad, pero el Estado Plurinacional de Bolivia, ampar\u00e1ndose en su derecho interno, rechaz\u00f3 tal posibilidad.\u00a0 De manera que, al menos desde esa vereda, no tienen de que quejarse.\u00a0 La reciprocidad deber\u00eda ser la medida de toda relaci\u00f3n internacional seria.<\/p>\n<p>El problema, hay que decirlo, surge de la letra de nuestro derecho interno, desde la Constituci\u00f3n Nacional, la Constituci\u00f3n Provincial, los tratados internacionales de rango constitucional, y algunas leyes.\u00a0 En ellos se trata de id\u00e9ntica manera a los \"habitantes\" sin hacer un distingo entre habitantes, ciudadanos y residentes.<\/p>\n<p>Es un tema que hay que estudiarlo bien, porque no por querer hacer algo que est\u00e1 bien vamos a terminar haciendo un mamarracho jur\u00eddico que termine en seria contradicci\u00f3n con las leyes vigentes.\u00a0 Hay que emprolijar todas esas posibles fallas antes de darle curso al proyecto, no sea que luego lluevan las acciones de inconstitucionalidad.<\/p>\n<p>Esto nos lleva a considerar que va siendo hora de una reforma constitucional, tanto a nivel nacional como a nivel provincial.\u00a0 Las constituciones, como todas las leyes, deben reflejar la realidad.\u00a0 La realidad que vieron los constituyentes\u00a0 de 1853 es muy diferente a la realidad que vivimos hoy.<\/p>\n<p>En 1853 el pa\u00eds necesitaba de una inmigraci\u00f3n masiva para sumar nuevas almas al proyecto de naci\u00f3n que era en ese momento Argentina.\u00a0 Pero el tiempo pas\u00f3, y hoy surge la necesidad de ser m\u00e1s selectivos con el tipo de inmigraci\u00f3n que queremos, y con la extensi\u00f3n de derechos, que solo deber\u00eda corresponder a los ciudadanos nativos o por opci\u00f3n, a personas que solo son residentes o que solo vienen circunstancialmente a aprovecharse de nuestras leyes.<\/p>\n<p>La misma problem\u00e1tica que sucede con la Salud, sucede con la Educaci\u00f3n.\u00a0 Hay una enorme cantidad de estudiantes extranjeros que vienen a educarse gratuitamente en nuestras universidades, y que una vez recibidos se vuelven a sus pa\u00edses sin devolver nada a la sociedad que invirti\u00f3 en su educaci\u00f3n.<\/p>\n<p>De nuevo, no se trata de un problema de xenofobia, sino de aplicaci\u00f3n de una racional reciprocidad.\u00a0 El proyecto del ministro Bouhid est\u00e1, no solo en sinton\u00eda con lo que piensa gran parte de la sociedad, sino con el sentido com\u00fan.\u00a0 Si hay alguna duda al respecto se podr\u00eda hacer una consulta popular.<\/p>\n","protected":false},"excerpt":{"rendered":"<p>Por Benjamin Urdemales || Entramos en unas de esas semanas que se dividen entre la recta final del mes que se va y la recta inicial al mes que comienza.\u00a0 Se nos fue febrero, el mes m\u00e1s corto del a\u00f1o en el que, a pesar de que a muchos todav\u00eda los tiene agarrados el Carnaval, [&hellip;]<\/p>\n","protected":false},"author":1,"featured_media":97150,"comment_status":"open","ping_status":"open","sticky":false,"template":"","format":"standard","meta":{"_stopmodifiedupdate":false,"_modified_date":"","inline_featured_image":false,"spay_email":"","jetpack_publicize_message":""},"categories":[489,501],"tags":[],"jetpack_featured_media_url":"https:\/\/notinor.com\/jujuy\/wp-content\/uploads\/2016\/11\/BENJAMIN-URDEMALES.jpg","jetpack_publicize_connections":[],"_links":{"self":[{"href":"https:\/\/notinor.com\/jujuy\/wp-json\/wp\/v2\/posts\/161071"}],"collection":[{"href":"https:\/\/notinor.com\/jujuy\/wp-json\/wp\/v2\/posts"}],"about":[{"href":"https:\/\/notinor.com\/jujuy\/wp-json\/wp\/v2\/types\/post"}],"author":[{"embeddable":true,"href":"https:\/\/notinor.com\/jujuy\/wp-json\/wp\/v2\/users\/1"}],"replies":[{"embeddable":true,"href":"https:\/\/notinor.com\/jujuy\/wp-json\/wp\/v2\/comments?post=161071"}],"version-history":[{"count":10,"href":"https:\/\/notinor.com\/jujuy\/wp-json\/wp\/v2\/posts\/161071\/revisions"}],"predecessor-version":[{"id":161182,"href":"https:\/\/notinor.com\/jujuy\/wp-json\/wp\/v2\/posts\/161071\/revisions\/161182"}],"wp:featuredmedia":[{"embeddable":true,"href":"https:\/\/notinor.com\/jujuy\/wp-json\/wp\/v2\/media\/97150"}],"wp:attachment":[{"href":"https:\/\/notinor.com\/jujuy\/wp-json\/wp\/v2\/media?parent=161071"}],"wp:term":[{"taxonomy":"category","embeddable":true,"href":"https:\/\/notinor.com\/jujuy\/wp-json\/wp\/v2\/categories?post=161071"},{"taxonomy":"post_tag","embeddable":true,"href":"https:\/\/notinor.com\/jujuy\/wp-json\/wp\/v2\/tags?post=161071"}],"curies":[{"name":"wp","href":"https:\/\/api.w.org\/{rel}","templated":true}]}}