{"id":15926,"date":"2015-02-11T00:14:05","date_gmt":"2015-02-11T03:14:05","guid":{"rendered":"http:\/\/notinor.com\/jujuy\/?p=15926"},"modified":"2015-02-11T18:55:14","modified_gmt":"2015-02-11T21:55:14","slug":"nueva-jornada-de-la-vilca-cine","status":"publish","type":"post","link":"https:\/\/notinor.com\/jujuy\/nueva-jornada-de-la-vilca-cine\/","title":{"rendered":"Nueva jornada de \u201cLa Vilca Cine\u201d"},"content":{"rendered":"<p>Esta noche a partir de las 20.30 en las instalaciones de la plaza seca \"Ricardo Vilca\", \u00a0con la proyecci\u00f3n de \u201cBuscando la paz\u201d, \u201cAl costado de la ruta\u201d, \u201cPosdata, Plat\u00f3nica\u201d y \u201cCocina del Rock Combusti\u00f3n\u201d.<\/p>\n<p><a href=\"http:\/\/notinor.com\/jujuy\/wp-content\/uploads\/2015\/02\/plaza-ricardo-vilca-jujuy.jpg\"><img decoding=\"async\" loading=\"lazy\" class=\"alignnone size-full wp-image-15842\" src=\"http:\/\/notinor.com\/jujuy\/wp-content\/uploads\/2015\/02\/plaza-ricardo-vilca-jujuy.jpg\" alt=\"plaza ricardo vilca jujuy\" width=\"470\" height=\"315\" srcset=\"https:\/\/notinor.com\/jujuy\/wp-content\/uploads\/2015\/02\/plaza-ricardo-vilca-jujuy.jpg 470w, https:\/\/notinor.com\/jujuy\/wp-content\/uploads\/2015\/02\/plaza-ricardo-vilca-jujuy-300x201.jpg 300w\" sizes=\"(max-width: 470px) 100vw, 470px\" \/><\/a><\/p>\n<p>&nbsp;<\/p>\n<p>Dirigido por Fabi\u00e1n Sol\u00f3rzano y Facundo Guzm\u00e1n, \u201cBuscando la paz\u201d cuenta la historia de un joven con poderes que no encuentra su lugar en el mundo y quiere encontrar la paz interior mediante un viaje con la naturaleza.<\/p>\n<p>&nbsp;<\/p>\n<p>\u201cAl costado de la ruta\u201d, de Daniel Misael Quispe, muestra la vida de Emi quien viaja de regreso a su casa en el auto de Franco luego de una fiesta en un camping. En la ruta Franco decide llevar a un desconocido que no se ve muy amigable seg\u00fan Emi. Para tranquilizarla luego de que ella escucha una noticia que la pone m\u00e1s insegura le dice que descanse, pero luego cuando se despierta las cosas se ponen mucho peor.<\/p>\n<p>&nbsp;<\/p>\n<p>Por \u00faltimo, cerrando al noche, se proyectar\u00e1 \u201cPosdata, Plat\u00f3nica\u201d de Luc\u00eda Ana Goloboff y \"Cocina del Rock Combusti\u00f3n\" de Pablo Kulemeyer, dos historias en donde la m\u00fasica estar\u00e1 presente.<\/p>\n<p>&nbsp;<\/p>\n<p>Cabe se\u00f1alar que esta iniciativa nace con el prop\u00f3sito de crear un espacio de recreaci\u00f3n y encuentro para toda la comunidad\u00a0 juje\u00f1a, posibilit\u00e1ndo el acceso a los bienes culturales del cine nacional e internacional, como as\u00ed tambi\u00e9n llevando a distintos puntos de la provincia los films ganadores del \u201cFestival Internacional Ventana Andina\u201d y los mejores cortometrajes de la ENERC que fueron premiados a nivel internacional.<\/p>\n<p>&nbsp;<\/p>\n<p>Las proyecciones son totalmente gratuitas y aptas para todo p\u00fablico.<\/p>\n","protected":false},"excerpt":{"rendered":"<p>Esta noche a partir de las 20.30 en las instalaciones de la plaza seca \"Ricardo Vilca\", \u00a0con la proyecci\u00f3n de \u201cBuscando la paz\u201d, \u201cAl costado de la ruta\u201d, \u201cPosdata, Plat\u00f3nica\u201d y \u201cCocina del Rock Combusti\u00f3n\u201d. &nbsp; Dirigido por Fabi\u00e1n Sol\u00f3rzano y Facundo Guzm\u00e1n, \u201cBuscando la paz\u201d cuenta la historia de un joven con poderes que [&hellip;]<\/p>\n","protected":false},"author":1,"featured_media":15927,"comment_status":"open","ping_status":"open","sticky":false,"template":"","format":"standard","meta":{"_stopmodifiedupdate":false,"_modified_date":"","inline_featured_image":false,"spay_email":"","jetpack_publicize_message":""},"categories":[21],"tags":[],"jetpack_featured_media_url":"https:\/\/notinor.com\/jujuy\/wp-content\/uploads\/2015\/02\/cine1.jpg","jetpack_publicize_connections":[],"_links":{"self":[{"href":"https:\/\/notinor.com\/jujuy\/wp-json\/wp\/v2\/posts\/15926"}],"collection":[{"href":"https:\/\/notinor.com\/jujuy\/wp-json\/wp\/v2\/posts"}],"about":[{"href":"https:\/\/notinor.com\/jujuy\/wp-json\/wp\/v2\/types\/post"}],"author":[{"embeddable":true,"href":"https:\/\/notinor.com\/jujuy\/wp-json\/wp\/v2\/users\/1"}],"replies":[{"embeddable":true,"href":"https:\/\/notinor.com\/jujuy\/wp-json\/wp\/v2\/comments?post=15926"}],"version-history":[{"count":1,"href":"https:\/\/notinor.com\/jujuy\/wp-json\/wp\/v2\/posts\/15926\/revisions"}],"predecessor-version":[{"id":15928,"href":"https:\/\/notinor.com\/jujuy\/wp-json\/wp\/v2\/posts\/15926\/revisions\/15928"}],"wp:featuredmedia":[{"embeddable":true,"href":"https:\/\/notinor.com\/jujuy\/wp-json\/wp\/v2\/media\/15927"}],"wp:attachment":[{"href":"https:\/\/notinor.com\/jujuy\/wp-json\/wp\/v2\/media?parent=15926"}],"wp:term":[{"taxonomy":"category","embeddable":true,"href":"https:\/\/notinor.com\/jujuy\/wp-json\/wp\/v2\/categories?post=15926"},{"taxonomy":"post_tag","embeddable":true,"href":"https:\/\/notinor.com\/jujuy\/wp-json\/wp\/v2\/tags?post=15926"}],"curies":[{"name":"wp","href":"https:\/\/api.w.org\/{rel}","templated":true}]}}