{"id":15919,"date":"2015-02-11T00:45:39","date_gmt":"2015-02-11T03:45:39","guid":{"rendered":"http:\/\/notinor.com\/jujuy\/?p=15919"},"modified":"2015-02-10T20:12:10","modified_gmt":"2015-02-10T23:12:10","slug":"4-edicion-del-jueves-de-comadres-en-villa-jardin-de-reyes","status":"publish","type":"post","link":"https:\/\/notinor.com\/jujuy\/4-edicion-del-jueves-de-comadres-en-villa-jardin-de-reyes\/","title":{"rendered":"4\u00b0 Edici\u00f3n del Jueves de Comadres en Villa Jard\u00edn de Reyes"},"content":{"rendered":"<p>Las instalaciones de la Delegaci\u00f3n Municipal de Villa Jard\u00edn de Reyes, ser\u00e1 escenario de la \u201c4ta. Edici\u00f3n del Jueves de Comadre Familiar y Solidario\u201d,\u00a0 organizado en forma conjunta por la instituci\u00f3n comunal y emprendedores locales, la entrada consistir\u00e1 en una mercader\u00eda no perecedera; habr\u00e1 espect\u00e1culos folkl\u00f3ricos\u00a0 y encuentro de copleros.<\/p>\n<p>&nbsp;<\/p>\n<p>A partir de las 12 comenzar\u00e1 la celebraci\u00f3n en la \u201c4ta. Edici\u00f3n del Jueves de Comadre Familiar y Solidario\u201d en el complejo de la Delegaci\u00f3n Municipal de Villa Jard\u00edn con la actuaci\u00f3n de numerosos artistas locales, copleros y se podr\u00e1 degustar de platos regionales: picante de pollo, sopa de man\u00ed, asado de cordero, chicharr\u00f3n con mote, chanfaina, humitas y las tradicionales empanadas.<\/p>\n<p>&nbsp;<\/p>\n<p>Daniel Ruiz, director de la Delegaci\u00f3n Municipal dijo que, \u201cnuevamente este a\u00f1o realizaremos la 4ta. Edici\u00f3n del Jueves de Comadre Familiar y Solidarios\u201d, muy contento desde el municipio de colaborar con esta iniciativa que tuvo su comienzo en Reyes; con el trabajo de los emprendedores de la zona y la alegr\u00eda de saber se ha consolidado un trabajo en conjunto que se vino desarrollando con todo este grupo de gente (por los emprendedores) \u00a0que todo el a\u00f1o trabaja con diferentes actividades\u201d.<\/p>\n<p>&nbsp;<\/p>\n<p>Por su parte Miriam Tapia, una de las emprendedoras de Reyes, anticip\u00f3 que, \u201clos que se lleguen a la Delegaci\u00f3n, van a poder degustar: picante de pollo, sopa de man\u00ed, asado de cordero, chicharr\u00f3n con mote, chanfaina, humitas y las tradicionales empanadas\u201d.<\/p>\n<p>&nbsp;<\/p>\n<p>En tanto Feliz \u00c1valos, referente local, hizo extensiva la invitaci\u00f3n a la comunidad juje\u00f1a y se\u00f1al\u00f3 que, \u201cson varios los a\u00f1os que estamos realizando la celebraci\u00f3n del Jueves de Comadre, la entrada al tinglado va consistir en una mercader\u00eda no perecedera; \u00a0no hay precio alguno, y los vamos a recibir con todos los platos regionales y con el esp\u00edritu carnavalero\u201d.<\/p>\n<p>&nbsp;<\/p>\n<p>\u201cVa a ver mucho folklore, esencialmente con gente y artistas de la zona, esto se ha convertido en un cl\u00e1sico; \u00a0hay mucha gente que espera esta celebraci\u00f3n del Jueves de Comadre, porqu\u00e9 es de familia, esto nos hace rememorar los antiguos Jueves de Comadre donde tambi\u00e9n los chicos participan\u201d, enfatiz\u00f3 Jorge Batallanos.<\/p>\n<p><a href=\"http:\/\/notinor.com\/jujuy\/wp-content\/uploads\/2015\/02\/3-anuncio-jueves-de-comadre-delegacion-de-reyes.jpg\"><img decoding=\"async\" loading=\"lazy\" class=\"alignnone  wp-image-15920 aligncenter\" src=\"http:\/\/notinor.com\/jujuy\/wp-content\/uploads\/2015\/02\/3-anuncio-jueves-de-comadre-delegacion-de-reyes.jpg\" alt=\"3- anuncio jueves de comadre delegacion de reyes\" width=\"738\" height=\"490\" srcset=\"https:\/\/notinor.com\/jujuy\/wp-content\/uploads\/2015\/02\/3-anuncio-jueves-de-comadre-delegacion-de-reyes.jpg 900w, https:\/\/notinor.com\/jujuy\/wp-content\/uploads\/2015\/02\/3-anuncio-jueves-de-comadre-delegacion-de-reyes-300x199.jpg 300w\" sizes=\"(max-width: 738px) 100vw, 738px\" \/><\/a><\/p>\n<p>Asimismo detall\u00f3 que, \u201chabr\u00e1 una mini feria de emprendedores desde las 12 hasta las 17, donde algunos artesanos que van estar exponiendo y vendiendo sus elaboraciones en cuero, madera hasta cajas se va a poner a la venta\u201d y agreg\u00f3 que \u201ca partir de las 12 va a comenzar el espect\u00e1culo folkl\u00f3rico, tambi\u00e9n se va a comenzar a servir los platos\u201d.<\/p>\n<p>&nbsp;<\/p>\n<p>Batallano formul\u00f3 su agradecimiento a la gente que, \u201cpromociona este acontecimiento de \u201cboca en boca\u201d y que permite que \u201ca\u00f1o tras a\u00f1o valla creciendo tanto en la convocatoria y en la solidaridad, porqu\u00e9 todo la recaudado en mercader\u00eda ser\u00e1 destinado a la instituciones de bien p\u00fablica de la Villa\u201d.<\/p>\n<p>&nbsp;<\/p>\n<p>Finalmente Elba Tapia, conocida dirigente del quehacer tradicional y gaucho loca, invit\u00f3 a los copleros y copleras de la zona quienes a partir de las 11 se los va a empezar a registrarlos para el \u201ctopamiento de comadres\u201d con sus coplas y albahaca, adem\u00e1s se va a premiar a las comadres m\u00e1s bullangueras.<\/p>\n<p>&nbsp;<\/p>\n<p>\u201cActuar\u00e1 grupos folkl\u00f3ricos entre otros grupos: Tacita de Plata, Kayah cama, Delia Huerta, Los Due\u00f1os de la Copla, en otros artistas para deleitarse con la m\u00fasica carpera y andina, va a ser un espect\u00e1culo muy lindo para que la familia venga y se divierta\u201d, concluy\u00f3.<\/p>\n","protected":false},"excerpt":{"rendered":"<p>Las instalaciones de la Delegaci\u00f3n Municipal de Villa Jard\u00edn de Reyes, ser\u00e1 escenario de la \u201c4ta. Edici\u00f3n del Jueves de Comadre Familiar y Solidario\u201d,\u00a0 organizado en forma conjunta por la instituci\u00f3n comunal y emprendedores locales, la entrada consistir\u00e1 en una mercader\u00eda no perecedera; habr\u00e1 espect\u00e1culos folkl\u00f3ricos\u00a0 y encuentro de copleros. &nbsp; A partir de las [&hellip;]<\/p>\n","protected":false},"author":1,"featured_media":15920,"comment_status":"open","ping_status":"open","sticky":false,"template":"","format":"standard","meta":{"_stopmodifiedupdate":false,"_modified_date":"","inline_featured_image":false,"spay_email":"","jetpack_publicize_message":""},"categories":[21],"tags":[],"jetpack_featured_media_url":"https:\/\/notinor.com\/jujuy\/wp-content\/uploads\/2015\/02\/3-anuncio-jueves-de-comadre-delegacion-de-reyes.jpg","jetpack_publicize_connections":[],"_links":{"self":[{"href":"https:\/\/notinor.com\/jujuy\/wp-json\/wp\/v2\/posts\/15919"}],"collection":[{"href":"https:\/\/notinor.com\/jujuy\/wp-json\/wp\/v2\/posts"}],"about":[{"href":"https:\/\/notinor.com\/jujuy\/wp-json\/wp\/v2\/types\/post"}],"author":[{"embeddable":true,"href":"https:\/\/notinor.com\/jujuy\/wp-json\/wp\/v2\/users\/1"}],"replies":[{"embeddable":true,"href":"https:\/\/notinor.com\/jujuy\/wp-json\/wp\/v2\/comments?post=15919"}],"version-history":[{"count":2,"href":"https:\/\/notinor.com\/jujuy\/wp-json\/wp\/v2\/posts\/15919\/revisions"}],"predecessor-version":[{"id":15925,"href":"https:\/\/notinor.com\/jujuy\/wp-json\/wp\/v2\/posts\/15919\/revisions\/15925"}],"wp:featuredmedia":[{"embeddable":true,"href":"https:\/\/notinor.com\/jujuy\/wp-json\/wp\/v2\/media\/15920"}],"wp:attachment":[{"href":"https:\/\/notinor.com\/jujuy\/wp-json\/wp\/v2\/media?parent=15919"}],"wp:term":[{"taxonomy":"category","embeddable":true,"href":"https:\/\/notinor.com\/jujuy\/wp-json\/wp\/v2\/categories?post=15919"},{"taxonomy":"post_tag","embeddable":true,"href":"https:\/\/notinor.com\/jujuy\/wp-json\/wp\/v2\/tags?post=15919"}],"curies":[{"name":"wp","href":"https:\/\/api.w.org\/{rel}","templated":true}]}}