{"id":158775,"date":"2018-02-08T21:30:52","date_gmt":"2018-02-09T00:30:52","guid":{"rendered":"http:\/\/notinor.com\/jujuy\/?p=158775"},"modified":"2020-08-24T12:28:05","modified_gmt":"2020-08-24T15:28:05","slug":"jueves-de-comadres-al-ritmo-de-una-copla","status":"publish","type":"post","link":"https:\/\/notinor.com\/jujuy\/jueves-de-comadres-al-ritmo-de-una-copla\/","title":{"rendered":"Jueves de comadres"},"content":{"rendered":"<p style=\"text-align: center;\"><iframe loading=\"lazy\" style=\"border: none; overflow: hidden;\" src=\"https:\/\/www.facebook.com\/plugins\/video.php?href=https%3A%2F%2Fwww.facebook.com%2Fdiarionotinor%2Fvideos%2F741812322682263%2F&amp;show_text=0&amp;width=267\" width=\"267\" height=\"476\" frameborder=\"0\" scrolling=\"no\" allowfullscreen=\"allowfullscreen\"><\/iframe><\/p>\n<p>&nbsp;<\/p>\n<p>Las comadres tomaron la plaza Belgrano, organizado por la Secretar\u00eda de Cultura de la provincia en conmemoraci\u00f3n del tradicional d\u00eda de las comadres, se realizaron en la plaza las tradicionales rondas de copleras, de esta manera se da el puntapi\u00e9 inicial de los carnavales juje\u00f1os.<\/p>\n","protected":false},"excerpt":{"rendered":"<p>&nbsp; Las comadres tomaron la plaza Belgrano, organizado por la Secretar\u00eda de Cultura de la provincia en conmemoraci\u00f3n del tradicional d\u00eda de las comadres, se realizaron en la plaza las tradicionales rondas de copleras, de esta manera se da el puntapi\u00e9 inicial de los carnavales juje\u00f1os.<\/p>\n","protected":false},"author":1,"featured_media":158776,"comment_status":"open","ping_status":"open","sticky":false,"template":"","format":"standard","meta":{"_stopmodifiedupdate":false,"_modified_date":"","inline_featured_image":false,"spay_email":"","jetpack_publicize_message":""},"categories":[21],"tags":[],"jetpack_featured_media_url":"https:\/\/notinor.com\/jujuy\/wp-content\/uploads\/2018\/02\/27939348_10156186325254708_1847012945_n.jpg","jetpack_publicize_connections":[],"_links":{"self":[{"href":"https:\/\/notinor.com\/jujuy\/wp-json\/wp\/v2\/posts\/158775"}],"collection":[{"href":"https:\/\/notinor.com\/jujuy\/wp-json\/wp\/v2\/posts"}],"about":[{"href":"https:\/\/notinor.com\/jujuy\/wp-json\/wp\/v2\/types\/post"}],"author":[{"embeddable":true,"href":"https:\/\/notinor.com\/jujuy\/wp-json\/wp\/v2\/users\/1"}],"replies":[{"embeddable":true,"href":"https:\/\/notinor.com\/jujuy\/wp-json\/wp\/v2\/comments?post=158775"}],"version-history":[{"count":2,"href":"https:\/\/notinor.com\/jujuy\/wp-json\/wp\/v2\/posts\/158775\/revisions"}],"predecessor-version":[{"id":158778,"href":"https:\/\/notinor.com\/jujuy\/wp-json\/wp\/v2\/posts\/158775\/revisions\/158778"}],"wp:featuredmedia":[{"embeddable":true,"href":"https:\/\/notinor.com\/jujuy\/wp-json\/wp\/v2\/media\/158776"}],"wp:attachment":[{"href":"https:\/\/notinor.com\/jujuy\/wp-json\/wp\/v2\/media?parent=158775"}],"wp:term":[{"taxonomy":"category","embeddable":true,"href":"https:\/\/notinor.com\/jujuy\/wp-json\/wp\/v2\/categories?post=158775"},{"taxonomy":"post_tag","embeddable":true,"href":"https:\/\/notinor.com\/jujuy\/wp-json\/wp\/v2\/tags?post=158775"}],"curies":[{"name":"wp","href":"https:\/\/api.w.org\/{rel}","templated":true}]}}