{"id":158772,"date":"2018-02-08T21:19:46","date_gmt":"2018-02-09T00:19:46","guid":{"rendered":"http:\/\/notinor.com\/jujuy\/?p=158772"},"modified":"2018-02-08T21:19:57","modified_gmt":"2018-02-09T00:19:57","slug":"se-entrego-trafic-al-municipio-de-calilegua","status":"publish","type":"post","link":"https:\/\/notinor.com\/jujuy\/se-entrego-trafic-al-municipio-de-calilegua\/","title":{"rendered":"Se entreg\u00f3 trafic al municipio de Calilegua"},"content":{"rendered":"<p><img decoding=\"async\" loading=\"lazy\" class=\"alignnone wp-image-158773 size-large\" src=\"http:\/\/notinor.com\/jujuy\/wp-content\/uploads\/2018\/02\/080218-Gobernador-Entrega-Mobil-a-Municipio-de-Calilegua-3-1140x760-720x480.jpg\" alt=\"\" width=\"720\" height=\"480\" srcset=\"https:\/\/notinor.com\/jujuy\/wp-content\/uploads\/2018\/02\/080218-Gobernador-Entrega-Mobil-a-Municipio-de-Calilegua-3-1140x760-720x480.jpg 720w, https:\/\/notinor.com\/jujuy\/wp-content\/uploads\/2018\/02\/080218-Gobernador-Entrega-Mobil-a-Municipio-de-Calilegua-3-1140x760-548x365.jpg 548w, https:\/\/notinor.com\/jujuy\/wp-content\/uploads\/2018\/02\/080218-Gobernador-Entrega-Mobil-a-Municipio-de-Calilegua-3-1140x760-768x512.jpg 768w, https:\/\/notinor.com\/jujuy\/wp-content\/uploads\/2018\/02\/080218-Gobernador-Entrega-Mobil-a-Municipio-de-Calilegua-3-1140x760-400x266.jpg 400w, https:\/\/notinor.com\/jujuy\/wp-content\/uploads\/2018\/02\/080218-Gobernador-Entrega-Mobil-a-Municipio-de-Calilegua-3-1140x760.jpg 1140w\" sizes=\"(max-width: 720px) 100vw, 720px\" \/><\/p>\n<p>El Ministro de Gobierno y Justicia, Agust\u00edn Perassi, se\u00f1al\u00f3 al t\u00e9rmino del acto que se desarroll\u00f3 en la playa de estacionamiento de Casa de Gobierno: \u201cesta unidad fue acondicionada para el transporte de personas que tienen alg\u00fan tipo de discapacidad que afecta su movilidad y que precisan movilizarse a otra ciudad para alg\u00fan tratamiento o tr\u00e1mite\u201d.<\/p>\n<p>Adem\u00e1s, el funcionario provincial explic\u00f3 que esta es una respuesta de Naci\u00f3n que, a trav\u00e9s de la CONADIS, env\u00eda los fondos necesarios para que las comunas compren los veh\u00edculos, y los equipen. Posteriormente, deben hacer la correspondiente rendici\u00f3n de ese tr\u00e1mite ante el organismo nacional.<\/p>\n<p>Perassi, detall\u00f3 finalmente que en los \u00faltimos dos a\u00f1os se entregaron 16 veh\u00edculos, y otros tantos est\u00e1n prontos a ser destinados a los respectivos municipios. Por ejemplo, Coranzul\u00ed en los pr\u00f3ximos d\u00edas recibir\u00e1 este beneficio.<\/p>\n<p>Por su parte, la jefa comunal de Calilegua, Elsa Flores, agradeci\u00f3 al gobierno nacional y provincial ya que \u201ceste veh\u00edculo es de gran ayuda y a su vez, es un gran ahorro para las personas que antes deb\u00edan trasladarse en remises no preparados para transportar personas con discapacidad\u201d.<\/p>\n<p>Por \u00faltimo, puso de relieve que esta traffic cuenta con las comodidades requeridas por estas personas, y as\u00ed las mismas pueden concurrir a otras ciudades por cuestiones de salud o por un tr\u00e1mite.<\/p>\n<p>Estuvieron presentes tambi\u00e9n, el Secretario de Gobierno, Ra\u00fal Garc\u00eda Goyena; el Secretario de Asuntos y Relaciones Municipales, Diego Rotela; y la diputada nacional, Gabriela Burgos.<\/p>\n","protected":false},"excerpt":{"rendered":"<p>El Ministro de Gobierno y Justicia, Agust\u00edn Perassi, se\u00f1al\u00f3 al t\u00e9rmino del acto que se desarroll\u00f3 en la playa de estacionamiento de Casa de Gobierno: \u201cesta unidad fue acondicionada para el transporte de personas que tienen alg\u00fan tipo de discapacidad que afecta su movilidad y que precisan movilizarse a otra ciudad para alg\u00fan tratamiento o [&hellip;]<\/p>\n","protected":false},"author":1,"featured_media":158773,"comment_status":"open","ping_status":"open","sticky":false,"template":"","format":"standard","meta":{"_stopmodifiedupdate":false,"_modified_date":"","inline_featured_image":false,"spay_email":"","jetpack_publicize_message":""},"categories":[4],"tags":[],"jetpack_featured_media_url":"https:\/\/notinor.com\/jujuy\/wp-content\/uploads\/2018\/02\/080218-Gobernador-Entrega-Mobil-a-Municipio-de-Calilegua-3-1140x760.jpg","jetpack_publicize_connections":[],"_links":{"self":[{"href":"https:\/\/notinor.com\/jujuy\/wp-json\/wp\/v2\/posts\/158772"}],"collection":[{"href":"https:\/\/notinor.com\/jujuy\/wp-json\/wp\/v2\/posts"}],"about":[{"href":"https:\/\/notinor.com\/jujuy\/wp-json\/wp\/v2\/types\/post"}],"author":[{"embeddable":true,"href":"https:\/\/notinor.com\/jujuy\/wp-json\/wp\/v2\/users\/1"}],"replies":[{"embeddable":true,"href":"https:\/\/notinor.com\/jujuy\/wp-json\/wp\/v2\/comments?post=158772"}],"version-history":[{"count":1,"href":"https:\/\/notinor.com\/jujuy\/wp-json\/wp\/v2\/posts\/158772\/revisions"}],"predecessor-version":[{"id":158774,"href":"https:\/\/notinor.com\/jujuy\/wp-json\/wp\/v2\/posts\/158772\/revisions\/158774"}],"wp:featuredmedia":[{"embeddable":true,"href":"https:\/\/notinor.com\/jujuy\/wp-json\/wp\/v2\/media\/158773"}],"wp:attachment":[{"href":"https:\/\/notinor.com\/jujuy\/wp-json\/wp\/v2\/media?parent=158772"}],"wp:term":[{"taxonomy":"category","embeddable":true,"href":"https:\/\/notinor.com\/jujuy\/wp-json\/wp\/v2\/categories?post=158772"},{"taxonomy":"post_tag","embeddable":true,"href":"https:\/\/notinor.com\/jujuy\/wp-json\/wp\/v2\/tags?post=158772"}],"curies":[{"name":"wp","href":"https:\/\/api.w.org\/{rel}","templated":true}]}}