{"id":157532,"date":"2018-02-01T05:00:38","date_gmt":"2018-02-01T08:00:38","guid":{"rendered":"http:\/\/notinor.com\/jujuy\/?p=157532"},"modified":"2018-02-01T13:09:45","modified_gmt":"2018-02-01T16:09:45","slug":"cortes-y-cambios-de-recorrido-por-motivo-de-los-corsos","status":"publish","type":"post","link":"https:\/\/notinor.com\/jujuy\/cortes-y-cambios-de-recorrido-por-motivo-de-los-corsos\/","title":{"rendered":"Atenci\u00f3n a los cortes y desv\u00edos de tr\u00e1nsito, y cambios de recorrido de colectivos"},"content":{"rendered":"<p><img decoding=\"async\" loading=\"lazy\" class=\"size-medium wp-image-157533\" src=\"http:\/\/notinor.com\/jujuy\/wp-content\/uploads\/2018\/02\/corsos-550x365.jpg\" alt=\"\" width=\"550\" height=\"365\" srcset=\"https:\/\/notinor.com\/jujuy\/wp-content\/uploads\/2018\/02\/corsos-550x365.jpg 550w, https:\/\/notinor.com\/jujuy\/wp-content\/uploads\/2018\/02\/corsos-768x510.jpg 768w, https:\/\/notinor.com\/jujuy\/wp-content\/uploads\/2018\/02\/corsos-723x480.jpg 723w, https:\/\/notinor.com\/jujuy\/wp-content\/uploads\/2018\/02\/corsos-400x266.jpg 400w, https:\/\/notinor.com\/jujuy\/wp-content\/uploads\/2018\/02\/corsos.jpg 800w\" sizes=\"(max-width: 550px) 100vw, 550px\" \/><\/p>\n<p>Desde la Secretar\u00eda de Servicios P\u00fablicos de la Municipalidad de San Salvador de Jujuy, a trav\u00e9s de la Direcci\u00f3n de Tr\u00e1nsito y Transporte se informa a la poblaci\u00f3n en general y a los se\u00f1ores conductores en particular que en raz\u00f3n de llevarse a cabo los tradicionales Corsos los d\u00edas s\u00e1bado 4 y domingo 5 de febrero sobre avenida General Savio se ha dispuesto las siguientes medidas en referencia al ordenamiento vehiculary los recorridos de las l\u00edneas del Transporte Urbano de Pasajeros.<\/p>\n<p><strong>Cortes de tr\u00e1nsito a partir de hora 17:00\u00a0<\/strong><\/p>\n<p>- Calle Calilegua y avenida El \u00c9xodo<\/p>\n<p>- Tumusla y avenida El \u00c9xodo<\/p>\n<p>- Tumusla y Humahuaca<\/p>\n<p>- Avenida Savio derivador Estadio 23 de Agosto<\/p>\n<p>- Avenida Savio y Lincoln.<\/p>\n<p>- Avenida Savio y avenida El \u00c9xodo, Humahuaca y Santa B\u00e1rbara<\/p>\n<p>- Monteagudo y Pichincha<\/p>\n<p>- Monteagudo y Echag\u00fce<\/p>\n<p>- Keller y Monteagudo<\/p>\n<p>- Derivador avenida General Savio (Riobamba)<\/p>\n<p><strong>Desv\u00edo de unidades de Transporte Urbano de Pasajeros desde la hora 17:00<\/strong><\/p>\n<p><strong>Las unidades que se dirijan desde zona NORTE a zona SUR modificar\u00e1n su recorrido de la siguiente manera:<\/strong><\/p>\n<p>- Avenida El \u00c9xodo, Pueyrred\u00f3n, Juana Manuela Gorriti, P\u00e1rroco Marshke, paso a nivel acceso a Riobamba, avenida General Savio, recorrido habitual<\/p>\n<p><strong>Las unidades que se dirijan de SUR a NORTE modificar\u00e1n su recorrido de la siguiente manera:<\/strong><\/p>\n<p>- Avenida General Savio, P\u00e1rroco Marshke, Chimborazo, las Heras, Pasaje Posadas, P\u00e1rroco Marshke, Hip\u00f3lito Yrigoyen, Iriarte, Lisandro de la Torre, para retomar el recorrido habitual.<\/p>\n<p><strong>Unidades de transporte afectadas:<\/strong><\/p>\n<p>- Empresa EL URBANO: l\u00ednea 9, 31, 14, 13 y 22<\/p>\n<p>- COPERATIVA UNION BUS: L\u00edneas 2, 8, 49 y 33<\/p>\n<p>- Empresa SANTA ANA: l\u00ednea 52<\/p>\n<p>- Empresa SAN JORGE: l\u00edneas 1, 3, 7, 45 y 23<\/p>\n<p>- Empresa XIBI XIBI: l\u00edneas 21 y 40<\/p>\n<p>- Cooperativa PAL BUS: l\u00edneas 20 y 30<\/p>\n<p>- Cooperativa EL SALVADOR: line 11<\/p>\n","protected":false},"excerpt":{"rendered":"<p>Desde la Secretar\u00eda de Servicios P\u00fablicos de la Municipalidad de San Salvador de Jujuy, a trav\u00e9s de la Direcci\u00f3n de Tr\u00e1nsito y Transporte se informa a la poblaci\u00f3n en general y a los se\u00f1ores conductores en particular que en raz\u00f3n de llevarse a cabo los tradicionales Corsos los d\u00edas s\u00e1bado 4 y domingo 5 de [&hellip;]<\/p>\n","protected":false},"author":1,"featured_media":157533,"comment_status":"open","ping_status":"open","sticky":false,"template":"","format":"standard","meta":{"_stopmodifiedupdate":false,"_modified_date":"","inline_featured_image":false},"categories":[514],"tags":[],"jetpack_featured_media_url":"https:\/\/notinor.com\/jujuy\/wp-content\/uploads\/2018\/02\/corsos.jpg","_links":{"self":[{"href":"https:\/\/notinor.com\/jujuy\/wp-json\/wp\/v2\/posts\/157532"}],"collection":[{"href":"https:\/\/notinor.com\/jujuy\/wp-json\/wp\/v2\/posts"}],"about":[{"href":"https:\/\/notinor.com\/jujuy\/wp-json\/wp\/v2\/types\/post"}],"author":[{"embeddable":true,"href":"https:\/\/notinor.com\/jujuy\/wp-json\/wp\/v2\/users\/1"}],"replies":[{"embeddable":true,"href":"https:\/\/notinor.com\/jujuy\/wp-json\/wp\/v2\/comments?post=157532"}],"version-history":[{"count":3,"href":"https:\/\/notinor.com\/jujuy\/wp-json\/wp\/v2\/posts\/157532\/revisions"}],"predecessor-version":[{"id":157536,"href":"https:\/\/notinor.com\/jujuy\/wp-json\/wp\/v2\/posts\/157532\/revisions\/157536"}],"wp:featuredmedia":[{"embeddable":true,"href":"https:\/\/notinor.com\/jujuy\/wp-json\/wp\/v2\/media\/157533"}],"wp:attachment":[{"href":"https:\/\/notinor.com\/jujuy\/wp-json\/wp\/v2\/media?parent=157532"}],"wp:term":[{"taxonomy":"category","embeddable":true,"href":"https:\/\/notinor.com\/jujuy\/wp-json\/wp\/v2\/categories?post=157532"},{"taxonomy":"post_tag","embeddable":true,"href":"https:\/\/notinor.com\/jujuy\/wp-json\/wp\/v2\/tags?post=157532"}],"curies":[{"name":"wp","href":"https:\/\/api.w.org\/{rel}","templated":true}]}}