{"id":157443,"date":"2018-02-01T06:00:55","date_gmt":"2018-02-01T09:00:55","guid":{"rendered":"http:\/\/notinor.com\/jujuy\/?p=157443"},"modified":"2018-02-01T07:54:54","modified_gmt":"2018-02-01T10:54:54","slug":"renatre-implementa-un-programa-social-de-contencion-infantil","status":"publish","type":"post","link":"https:\/\/notinor.com\/jujuy\/renatre-implementa-un-programa-social-de-contencion-infantil\/","title":{"rendered":"Renatre implementa un programa social infantil en las zonas tabacaleras"},"content":{"rendered":"<p><img decoding=\"async\" loading=\"lazy\" class=\"alignnone size-medium wp-image-157444\" src=\"http:\/\/notinor.com\/jujuy\/wp-content\/uploads\/2018\/02\/renatre-624x365.jpg\" alt=\"\" width=\"624\" height=\"365\" srcset=\"https:\/\/notinor.com\/jujuy\/wp-content\/uploads\/2018\/02\/renatre-624x365.jpg 624w, https:\/\/notinor.com\/jujuy\/wp-content\/uploads\/2018\/02\/renatre-768x449.jpg 768w, https:\/\/notinor.com\/jujuy\/wp-content\/uploads\/2018\/02\/renatre.jpg 800w\" sizes=\"(max-width: 624px) 100vw, 624px\" \/><\/p>\n<p>La alianza con el Programa Crecer del Renatre Jujuy brinda a la instituci\u00f3n la posibilidad de ampliar la franja etaria de los ni\u00f1os con lo cual se extendi\u00f3 un beneficio a muchas familias de la zona tabacalera, lo cual representa un gran logro \u201cporque minimizamos los riesgos tanto para los m\u00e1s chicos como para los m\u00e1s grandes\u201d, asegur\u00f3 la Coordinadora Regional del Programa Porvenir, Adriana Chaile, en el marco de una reuni\u00f3n de trabajo que mantuvo con el equipo legal y t\u00e9cnico del Registro Nacional de Trabajadores Rurales y Empleadores que encabez\u00f3 el Delegado Provincial, Rufino Rojo Mateo.<\/p>\n<p>Se trata de una alianza muy grande, teniendo en cuenta la importancia del organismo y la relaci\u00f3n directa que tiene con nuestra actividad, raz\u00f3n por la cual desde el Programa Porvenir se espera seguir fortaleciendo dicha alianza para poder avanzar en nuevas estrategias de trabajo.<\/p>\n<p>El programa Crecer (Centro Renatre de Cuidado y Educaci\u00f3n Rural) consiste en la contenci\u00f3n de 100 ni\u00f1os, de 1 a 8 a\u00f1os de edad, durante 6 semanas en cuatro centros de la zona tabacalera ubicados en las escuelas p\u00fablicas de las localidades de Monterrico, San Vicente, La Ovejer\u00eda y Coronel Arias. Durante este periodo la Asociaci\u00f3n Conciencia, a cargo de la unidad de ejecuci\u00f3n del programa Crecer, se encarga del traslado diario de los ni\u00f1os a estos centros donde tienen: actividades recreativas y educativas, art\u00edsticas y deportivas, espacios de reflexi\u00f3n, chequeos m\u00e9dicos, entre otras.<\/p>\n<p>All\u00ed tambi\u00e9n funcionan los del Programa Porvenir, de la Asociaci\u00f3n Conciencia, que trabaja desde hace 15 a\u00f1os en la prevenci\u00f3n y erradicaci\u00f3n progresiva del trabajo infantil agr\u00edcola en el sector tabacalero.<\/p>\n<p>Se trata de actividades orientadas a que los chicos incorporen nociones sobre derechos del ni\u00f1o, salubridad y seguridad en las fincas, y cuidado del medioambiente, cuyo objetivo es que sean capaces de identificar las situaciones de su entorno y aprender buenas pr\u00e1cticas que puedan aplicar en sus casas, dado que muchas veces su vivienda es, a la vez, el ambiente de trabajo de sus familias.<\/p>\n<p>\u201cSe abordan temas como prevenci\u00f3n de accidentes dom\u00e9sticos, primeros auxilios, precauciones en el contacto con animales, y otras pr\u00e1cticas \u00fatiles en espacios que frecuentan como caminos, montes o potreros\u201d, explic\u00f3 la Coordinadora Regional del Programa Porvenir NOA.<\/p>\n<p>Por su parte Rufino Rojo Mateo, expres\u00f3 que la preocupaci\u00f3n\u00a0 por la ni\u00f1ez est\u00e1 siempre presente en el Renatre, por lo cual se decidi\u00f3 la implementaci\u00f3n de este programa social, en una alianza con la Asociaci\u00f3n Conciencia que tiene una vasta experiencia en este tipo de programas, ya que\u00a0 \u201ca estos ni\u00f1os tenemos que darles todo el apoyo social, cultural, moral, \u00e9tico, de valores y principios que son necesario en esta etapa fundamental de sus vidas\u201d, remarc\u00f3.<\/p>\n","protected":false},"excerpt":{"rendered":"<p>La alianza con el Programa Crecer del Renatre Jujuy brinda a la instituci\u00f3n la posibilidad de ampliar la franja etaria de los ni\u00f1os con lo cual se extendi\u00f3 un beneficio a muchas familias de la zona tabacalera, lo cual representa un gran logro \u201cporque minimizamos los riesgos tanto para los m\u00e1s chicos como para los [&hellip;]<\/p>\n","protected":false},"author":1,"featured_media":157444,"comment_status":"open","ping_status":"open","sticky":false,"template":"","format":"standard","meta":{"_stopmodifiedupdate":false,"_modified_date":"","inline_featured_image":false},"categories":[2],"tags":[],"jetpack_featured_media_url":"https:\/\/notinor.com\/jujuy\/wp-content\/uploads\/2018\/02\/renatre.jpg","_links":{"self":[{"href":"https:\/\/notinor.com\/jujuy\/wp-json\/wp\/v2\/posts\/157443"}],"collection":[{"href":"https:\/\/notinor.com\/jujuy\/wp-json\/wp\/v2\/posts"}],"about":[{"href":"https:\/\/notinor.com\/jujuy\/wp-json\/wp\/v2\/types\/post"}],"author":[{"embeddable":true,"href":"https:\/\/notinor.com\/jujuy\/wp-json\/wp\/v2\/users\/1"}],"replies":[{"embeddable":true,"href":"https:\/\/notinor.com\/jujuy\/wp-json\/wp\/v2\/comments?post=157443"}],"version-history":[{"count":4,"href":"https:\/\/notinor.com\/jujuy\/wp-json\/wp\/v2\/posts\/157443\/revisions"}],"predecessor-version":[{"id":157454,"href":"https:\/\/notinor.com\/jujuy\/wp-json\/wp\/v2\/posts\/157443\/revisions\/157454"}],"wp:featuredmedia":[{"embeddable":true,"href":"https:\/\/notinor.com\/jujuy\/wp-json\/wp\/v2\/media\/157444"}],"wp:attachment":[{"href":"https:\/\/notinor.com\/jujuy\/wp-json\/wp\/v2\/media?parent=157443"}],"wp:term":[{"taxonomy":"category","embeddable":true,"href":"https:\/\/notinor.com\/jujuy\/wp-json\/wp\/v2\/categories?post=157443"},{"taxonomy":"post_tag","embeddable":true,"href":"https:\/\/notinor.com\/jujuy\/wp-json\/wp\/v2\/tags?post=157443"}],"curies":[{"name":"wp","href":"https:\/\/api.w.org\/{rel}","templated":true}]}}