{"id":157388,"date":"2018-02-01T06:01:06","date_gmt":"2018-02-01T09:01:06","guid":{"rendered":"http:\/\/notinor.com\/jujuy\/?p=157388"},"modified":"2018-02-01T08:20:18","modified_gmt":"2018-02-01T11:20:18","slug":"la-visita-de-macri-a-jujuy-se-posterga-hasta-el-viernes","status":"publish","type":"post","link":"https:\/\/notinor.com\/jujuy\/la-visita-de-macri-a-jujuy-se-posterga-hasta-el-viernes\/","title":{"rendered":"La visita del presidente se posterga hasta ma\u00f1ana viernes"},"content":{"rendered":"<p><img decoding=\"async\" loading=\"lazy\" class=\"alignnone size-medium wp-image-157389\" src=\"http:\/\/notinor.com\/jujuy\/wp-content\/uploads\/2018\/01\/macri-y-morales-660x293.jpg\" alt=\"\" width=\"660\" height=\"293\" srcset=\"https:\/\/notinor.com\/jujuy\/wp-content\/uploads\/2018\/01\/macri-y-morales-660x293.jpg 660w, https:\/\/notinor.com\/jujuy\/wp-content\/uploads\/2018\/01\/macri-y-morales-768x341.jpg 768w, https:\/\/notinor.com\/jujuy\/wp-content\/uploads\/2018\/01\/macri-y-morales-840x373.jpg 840w, https:\/\/notinor.com\/jujuy\/wp-content\/uploads\/2018\/01\/macri-y-morales.jpg 960w\" sizes=\"(max-width: 660px) 100vw, 660px\" \/><\/p>\n<p>&nbsp;<\/p>\n<p>En esta ocasi\u00f3n se adujo tambi\u00e9n las \"razones clim\u00e1ticas\".\u00a0 Seg\u00fan fuentes de Casa de Gobierno, \"llovi\u00f3 mucho\" y, supuestamente, eso afectar\u00eda las visitas que ten\u00edan pensado realizar el presidente y el gobernador.\u00a0 Estaban programadas actividades en Perico, Humahuaca y Volc\u00e1n.<\/p>\n<p>Ya la semana pasada hab\u00eda circulado el rumor de que la visita de Macri a la provincia ser\u00eda el viernes 2, cuando el presidente tuvo que posponer una visita programada el viernes 26.\u00a0 En Perico ten\u00edan todo listo para que Mauricio Macri encabece la ceremonia de partida del Belgrano Cargas hacia Buenos Aires, con un cargamento de legumbres juje\u00f1as.<\/p>\n<p>\"Razones de agenda\" se adujeron para justificar la postergaci\u00f3n.\u00a0 En realidad en \u00e9se momento el presidente todav\u00eda estaba en su gira europea.<\/p>\n<p>El mi\u00e9rcoles pasado el gobernador, a su regreso de su propia gira internacional, anunci\u00f3 la visita para el 31 de enero, fecha que luego fue modificada al 1\u00b0 de febrero, y finalmente hoy se dio a conocer una nueva postergac\u00f3n.<\/p>\n<p>Por ahora, est\u00e1 previsto que \u00e9ste viernes 2, a horas 10:00, el presidente arribe al Aeropuerto Internacional Horacio Guzm\u00e1n, donde ser\u00e1 recibido por el gobernador, Gerardo Morales; el intendente de Perico, Rolando Ficoseco; el titular del Plan Belgrano, Carlos Vignolo, y otras autoridades, as\u00ed como representantes de las c\u00e1maras de comercio exterior, la industria y la producci\u00f3n.<\/p>\n","protected":false},"excerpt":{"rendered":"<p>&nbsp; En esta ocasi\u00f3n se adujo tambi\u00e9n las \"razones clim\u00e1ticas\".\u00a0 Seg\u00fan fuentes de Casa de Gobierno, \"llovi\u00f3 mucho\" y, supuestamente, eso afectar\u00eda las visitas que ten\u00edan pensado realizar el presidente y el gobernador.\u00a0 Estaban programadas actividades en Perico, Humahuaca y Volc\u00e1n. Ya la semana pasada hab\u00eda circulado el rumor de que la visita de Macri [&hellip;]<\/p>\n","protected":false},"author":1,"featured_media":157389,"comment_status":"open","ping_status":"open","sticky":false,"template":"","format":"standard","meta":{"_stopmodifiedupdate":false,"_modified_date":"","inline_featured_image":false},"categories":[2,501],"tags":[],"jetpack_featured_media_url":"https:\/\/notinor.com\/jujuy\/wp-content\/uploads\/2018\/01\/macri-y-morales.jpg","_links":{"self":[{"href":"https:\/\/notinor.com\/jujuy\/wp-json\/wp\/v2\/posts\/157388"}],"collection":[{"href":"https:\/\/notinor.com\/jujuy\/wp-json\/wp\/v2\/posts"}],"about":[{"href":"https:\/\/notinor.com\/jujuy\/wp-json\/wp\/v2\/types\/post"}],"author":[{"embeddable":true,"href":"https:\/\/notinor.com\/jujuy\/wp-json\/wp\/v2\/users\/1"}],"replies":[{"embeddable":true,"href":"https:\/\/notinor.com\/jujuy\/wp-json\/wp\/v2\/comments?post=157388"}],"version-history":[{"count":3,"href":"https:\/\/notinor.com\/jujuy\/wp-json\/wp\/v2\/posts\/157388\/revisions"}],"predecessor-version":[{"id":157456,"href":"https:\/\/notinor.com\/jujuy\/wp-json\/wp\/v2\/posts\/157388\/revisions\/157456"}],"wp:featuredmedia":[{"embeddable":true,"href":"https:\/\/notinor.com\/jujuy\/wp-json\/wp\/v2\/media\/157389"}],"wp:attachment":[{"href":"https:\/\/notinor.com\/jujuy\/wp-json\/wp\/v2\/media?parent=157388"}],"wp:term":[{"taxonomy":"category","embeddable":true,"href":"https:\/\/notinor.com\/jujuy\/wp-json\/wp\/v2\/categories?post=157388"},{"taxonomy":"post_tag","embeddable":true,"href":"https:\/\/notinor.com\/jujuy\/wp-json\/wp\/v2\/tags?post=157388"}],"curies":[{"name":"wp","href":"https:\/\/api.w.org\/{rel}","templated":true}]}}