{"id":157380,"date":"2018-01-31T18:09:23","date_gmt":"2018-01-31T21:09:23","guid":{"rendered":"http:\/\/notinor.com\/jujuy\/?p=157380"},"modified":"2018-01-31T21:02:40","modified_gmt":"2018-02-01T00:02:40","slug":"representante-de-los-feriantes-nelida-silguera-se-defiende-de-acusaciones-en-su-contra","status":"publish","type":"post","link":"https:\/\/notinor.com\/jujuy\/representante-de-los-feriantes-nelida-silguera-se-defiende-de-acusaciones-en-su-contra\/","title":{"rendered":"N\u00e9lida Silguera, representante de los feriantes,  se defiende de acusaciones en su contra"},"content":{"rendered":"<figure id=\"attachment_157381\" aria-describedby=\"caption-attachment-157381\" style=\"width: 487px\" class=\"wp-caption alignnone\"><img decoding=\"async\" loading=\"lazy\" class=\"wp-image-157381 size-medium\" src=\"http:\/\/notinor.com\/jujuy\/wp-content\/uploads\/2018\/01\/silgeura-487x365.jpg\" alt=\"\" width=\"487\" height=\"365\" srcset=\"https:\/\/notinor.com\/jujuy\/wp-content\/uploads\/2018\/01\/silgeura-487x365.jpg 487w, https:\/\/notinor.com\/jujuy\/wp-content\/uploads\/2018\/01\/silgeura-768x576.jpg 768w, https:\/\/notinor.com\/jujuy\/wp-content\/uploads\/2018\/01\/silgeura-640x480.jpg 640w, https:\/\/notinor.com\/jujuy\/wp-content\/uploads\/2018\/01\/silgeura.jpg 1032w\" sizes=\"(max-width: 487px) 100vw, 487px\" \/><figcaption id=\"caption-attachment-157381\" class=\"wp-caption-text\"><em><strong>N\u00e9lida Silguera, de negro y jeans al medio, junto con los feriantes.<\/strong><\/em><\/figcaption><\/figure>\n<p class=\"Normal\">N\u00e9lida Silguera, recientemente acusada de ser \"La Milagro Sala de la feria\" se defendi\u00f3 de las <a href=\"http:\/\/notinor.com\/jujuy\/agresiones-persecucion-y-robo-en-feria-de-ropa-americana\/\">acusaciones que verti\u00f3 a este medio, Miicaela Llamas, en su contra<\/a>, y brind\u00f3 su versi\u00f3n de los hechos.<\/p>\n<p class=\"Normal\">Silguera se defendi\u00f3 de las acusaciones de arbitrariedad en su contra: \"cada decisi\u00f3n que se toma se hace una reuni\u00f3n y la mayor\u00eda decide\".<\/p>\n<p class=\"Normal\">\"Siempre colaboramos con la sociedad; la que le da la iniciativa siempre soy yo... la impulsora de hacer esto y aquello\", explic\u00f3 Silguera sobre por qu\u00e9 ejerce como \"encargada\",\u00a0 a la vez que neg\u00f3 que no existan contratos dentro de la feria, \"aqu\u00ed est\u00e1 mi contrato para que veas como mienten\", acus\u00f3.<\/p>\n<p class=\"Normal\">\"Nelly\" aclar\u00f3 que hay mucha gente que no paga en tiempo y forma y que a veces tiene que poner de su bolsillo. En relaci\u00f3n con la denuncia realizada, Silguera revel\u00f3 que la denunciante no pagaba, que nunca pag\u00f3 el sereno, que debe $900 en ese concepto, y que a pesar de los reiterados pedidos y apercibimientos nunca se puso al d\u00eda.<\/p>\n<p class=\"Normal\">En este sentido asegur\u00f3 que no fue ella, sino el propietario de la feria\/galer\u00eda quien decidi\u00f3\u00a0\"sacarlas del local, por falta de pago\".<\/p>\n<h2><strong>\u00bfQUI\u00c9N ES NELLY SILGUERA?<\/strong><\/h2>\n<p class=\"Normal\">Silguera acompa\u00f1a desde hace m\u00e1s de 10 a\u00f1os a los vendedores ambulantes;\u00a0 fue quien los represent\u00f3, seg\u00fan ella y varios feriantes que respaldan su versi\u00f3n, cuando el municipio les comunic\u00f3 que ya no iban a poder seguir vendiendo en la calle Santiago del Estero, que tendr\u00edan que formalizarse para lo cual tendr\u00edan que empadronarse, cumplir requisitos, pagar sus impuestos y tasas para obtener los debidos permisos del municipio para ejercer el comercio y que deber\u00edan trasladarse a predios o galer\u00edas tipo ferias -como Big Mall-, habilitados para esta modalidad de comercio.<\/p>\n<p class=\"Normal\">Ella misma, aseguran sus compa\u00f1eros feriantes -hoy comerciantes formales-, quien se puso al hombro la negociaci\u00f3n con el municipio, posibilitando el traslado al lugar donde se encuentran hoy:\u00a0 la feria de Big Mall.<\/p>\n<p>\"Cuando nos dijeron que nos sacaban de la calle, estaba desesperada, no sab\u00eda que hacer\", record\u00f3 \"Nelly\" Silguera. En relaci\u00f3n a como fue que los feriantes llegaron a ocupar ese lugar.<\/p>\n<p>Silguera explic\u00f3 que ella se dirigi\u00f3 a la Municipalidad todos los d\u00edas, y en conjunto con el Secretario de Gobierno de la Municipalidad, Gast\u00f3n Mill\u00f3n, pudieron darle una soluci\u00f3n al problema.\u00a0 Todos los feriantes de Big Mall respaldan esta versi\u00f3n sobre qui\u00e9n es la se\u00f1ora Silguera.<\/p>\n<p class=\"Normal\">En esos momentos los feriantes se encontraban en estado de alerta por la amenaza de desalojo; Nelly record\u00f3: \"yo no me adher\u00ed a nada de eso, as\u00ed que \"la Milagro Sala de la feria\" no puedo ser porque no me gustan los piquetes\", aclar\u00f3.<\/p>\n<p>La referente de los feriantes explic\u00f3 que, en aquel momento, la actual feria de Big Mall era un lavadero, y que, gracias al due\u00f1o del lugar, Marcelo Ricotti, y las autoridades municipales encabezadas por Mill\u00f3n, se realizaron importantes inversiones para construir el edificio donde se encuentran hoy, y se facilit\u00f3 el camino hacia la regularizaci\u00f3n.<\/p>\n<p>\"Ya no ibamos a estar en condiciones infrahumanas, yo he vendido 12 a\u00f1os en la calle\", apunt\u00f3.<\/p>\n<p class=\"Normal\">Seg\u00fan los feriantes, la situaci\u00f3n econ\u00f3mica y social de todos mejor\u00f3 bastante con la reubicaci\u00f3n que les impuso el municipio; ya no se encuentran m\u00e1s a la interperie; recuerdan que cuando llov\u00eda no pod\u00edan salir a vender, \"esa situaci\u00f3n era insostenible, hab\u00eda superpoblaci\u00f3n de vendedores\".\u00a0 Y sobre todo, agradecen que hoy son comerciantes formales ante la ley.<\/p>\n<p>En consulta telef\u00f3nica con el secretario de Gobierno del municipio, Gast\u00f3n Mill\u00f3n, el funcionario respald\u00f3 las versiones sobre la colaboraci\u00f3n invaluable brindada por Silguera a la hora de organizar el traslado de estos comerciantes a lugares m\u00e1s dignos y en condiciones para ejercer la actividad comercial.\u00a0 \"Fue una mano muy grande para el Municipio\", asegur\u00f3.<\/p>\n<p>&nbsp;<\/p>\n","protected":false},"excerpt":{"rendered":"<p>N\u00e9lida Silguera, recientemente acusada de ser \"La Milagro Sala de la feria\" se defendi\u00f3 de las acusaciones que verti\u00f3 a este medio, Miicaela Llamas, en su contra, y brind\u00f3 su versi\u00f3n de los hechos. Silguera se defendi\u00f3 de las acusaciones de arbitrariedad en su contra: \"cada decisi\u00f3n que se toma se hace una reuni\u00f3n y [&hellip;]<\/p>\n","protected":false},"author":5,"featured_media":157381,"comment_status":"open","ping_status":"open","sticky":false,"template":"","format":"standard","meta":{"_stopmodifiedupdate":false,"_modified_date":"","inline_featured_image":false},"categories":[2],"tags":[],"jetpack_featured_media_url":"https:\/\/notinor.com\/jujuy\/wp-content\/uploads\/2018\/01\/silgeura.jpg","_links":{"self":[{"href":"https:\/\/notinor.com\/jujuy\/wp-json\/wp\/v2\/posts\/157380"}],"collection":[{"href":"https:\/\/notinor.com\/jujuy\/wp-json\/wp\/v2\/posts"}],"about":[{"href":"https:\/\/notinor.com\/jujuy\/wp-json\/wp\/v2\/types\/post"}],"author":[{"embeddable":true,"href":"https:\/\/notinor.com\/jujuy\/wp-json\/wp\/v2\/users\/5"}],"replies":[{"embeddable":true,"href":"https:\/\/notinor.com\/jujuy\/wp-json\/wp\/v2\/comments?post=157380"}],"version-history":[{"count":7,"href":"https:\/\/notinor.com\/jujuy\/wp-json\/wp\/v2\/posts\/157380\/revisions"}],"predecessor-version":[{"id":157392,"href":"https:\/\/notinor.com\/jujuy\/wp-json\/wp\/v2\/posts\/157380\/revisions\/157392"}],"wp:featuredmedia":[{"embeddable":true,"href":"https:\/\/notinor.com\/jujuy\/wp-json\/wp\/v2\/media\/157381"}],"wp:attachment":[{"href":"https:\/\/notinor.com\/jujuy\/wp-json\/wp\/v2\/media?parent=157380"}],"wp:term":[{"taxonomy":"category","embeddable":true,"href":"https:\/\/notinor.com\/jujuy\/wp-json\/wp\/v2\/categories?post=157380"},{"taxonomy":"post_tag","embeddable":true,"href":"https:\/\/notinor.com\/jujuy\/wp-json\/wp\/v2\/tags?post=157380"}],"curies":[{"name":"wp","href":"https:\/\/api.w.org\/{rel}","templated":true}]}}