{"id":157376,"date":"2018-01-31T15:15:37","date_gmt":"2018-01-31T18:15:37","guid":{"rendered":"http:\/\/notinor.com\/jujuy\/?p=157376"},"modified":"2018-01-31T15:15:37","modified_gmt":"2018-01-31T18:15:37","slug":"el-proceso-de-renovacion-argentino-del-real-madrid-van-por-mauro-icardi-y-un-ex-futbolista-de-boca","status":"publish","type":"post","link":"https:\/\/notinor.com\/jujuy\/el-proceso-de-renovacion-argentino-del-real-madrid-van-por-mauro-icardi-y-un-ex-futbolista-de-boca\/","title":{"rendered":"El proceso de renovaci\u00f3n \"argentino\" del Real Madrid: van por Mauro Icardi y un ex futbolista de Boca"},"content":{"rendered":"<p><img decoding=\"async\" src=\"https:\/\/www.infobae.com\/new-resizer\/phle-bFTSBGZXvrhD0PLmBwyd3E=\/600x0\/filters:quality(100)\/s3.amazonaws.com\/arc-wordpress-client-uploads\/infobae-wp\/wp-content\/uploads\/2018\/01\/31110142\/GettyImages-832849924.jpg\" alt=\"Real Madrid sigue de cerca al ex Boca Leandro Paredes (Getty)\" \/><\/p>\n<p>&nbsp;<\/p>\n<div>\n<div>\n<p>El momento confuso que vive el\u00a0Real Madrid\u00a0por sus malos resultados futbol\u00edsticos gener\u00f3 rumores de profundas modificaciones para la pr\u00f3xima temporada. La situaci\u00f3n exige temperamento y en el club pensaron en diferentes apellidos argentinos que podr\u00edan arribar en el siguiente mercado de pases.<\/p>\n<\/div>\n<\/div>\n<div>\n<div>\n<p>Al\u00a0rumor cada vez m\u00e1s firme de que\u00a0Mauro Icardi\u00a0arribar\u00eda a mediados de a\u00f1o, ahora se sum\u00f3 el inter\u00e9s por un mediocampista que desde muy joven se desempe\u00f1a en Europa con buenos rendimientos:\u00a0Leandro Paredes.<\/p>\n<\/div>\n<\/div>\n<div>\n<div>\n<p>El futbolista de\u00a023 a\u00f1os\u00a0arrib\u00f3 al\u00a0Zenit de Rusia\u00a0hace un a\u00f1o a cambio de\u00a026 millones de d\u00f3lares. Desde el\u00a0Merengue\u00a0podr\u00edan desembolsar\u00a043 millones de la moneda norteamericana\u00a0en junio para obtener su transferencia, adem\u00e1s de ofrecer el pase de Mateo Kovacic. Esa ser\u00eda la principal traba: la negativa del croata de emigrar al f\u00fatbol ruso.<\/p>\n<p>&nbsp;<\/p>\n<p><img decoding=\"async\" src=\"https:\/\/www.infobae.com\/new-resizer\/MZUlt0yiN-qASmtaOCBelA2gUfQ=\/600x0\/filters:quality(100)\/s3.amazonaws.com\/arc-wordpress-client-uploads\/infobae-wp\/wp-content\/uploads\/2018\/01\/31110137\/GettyImages-695855700.jpg\" alt=\"Paredes empez\u00f3 a ganar espacio en la Selecci\u00f3n (Getty)\" \/><\/p>\n<p>&nbsp;<\/p>\n<div>\n<div>\n<p>Seg\u00fan informaron diferentes medios, el\u00a0entorno del futbolista\u00a0confirm\u00f3 que existe una negociaci\u00f3n aunque todav\u00eda es muy apresurado lanzar conclusiones ya que el\u00a0precio de Paredes podr\u00eda modificarse ante una eventual convocatoria\u00a0al Mundial de Rusia 2018.<\/p>\n<\/div>\n<\/div>\n<div>\n<div>\n<p>A pesar de su corta edad, Paredes ostenta una trayectoria extensa: comenz\u00f3 su carrera en\u00a0Boca\u00a0a fines del 2010.\u00a0Roma\u00a0decidi\u00f3 comprarlo a cambio de\u00a05 millones y medio de d\u00f3lares, pero lo cedi\u00f3 a\u00a0Chievo Verona\u00a0y\u00a0Empoli\u00a0para darle rodaje. Tras una buena temporada en el equipo capitalino, se march\u00f3 al\u00a0Zenit.<\/p>\n<\/div>\n<\/div>\n<div>\n<div>\n<p>Lo cierto es que el Madrid no es el \u00fanico equipo que lo tiene en carpeta, ya que desde Italia advirtieron que la\u00a0Juventus\u00a0lo anot\u00f3 en sus planes para reformar el mediocampo.<\/p>\n<\/div>\n<\/div>\n<div>\n<div>\n<p>Los millones de d\u00f3lares, los resultados y el tiempo dir\u00e1n lo que sucede, pero ante un escenario hostil el\u00a0Merengue\u00a0pens\u00f3 en un\u00a0entrenador argentino\u00a0\u2013Mauricio Pochettino\u2013 y en\u00a0dos j\u00f3venes proyectos nacionales\u00a0para cambiar el rostro a su mal momento.<\/p>\n<\/div>\n<\/div>\n<\/div>\n<\/div>\n","protected":false},"excerpt":{"rendered":"<p>&nbsp; El momento confuso que vive el\u00a0Real Madrid\u00a0por sus malos resultados futbol\u00edsticos gener\u00f3 rumores de profundas modificaciones para la pr\u00f3xima temporada. La situaci\u00f3n exige temperamento y en el club pensaron en diferentes apellidos argentinos que podr\u00edan arribar en el siguiente mercado de pases. Al\u00a0rumor cada vez m\u00e1s firme de que\u00a0Mauro Icardi\u00a0arribar\u00eda a mediados de a\u00f1o, [&hellip;]<\/p>\n","protected":false},"author":1,"featured_media":157377,"comment_status":"open","ping_status":"open","sticky":false,"template":"","format":"standard","meta":{"_stopmodifiedupdate":false,"_modified_date":"","inline_featured_image":false},"categories":[7],"tags":[],"jetpack_featured_media_url":"https:\/\/notinor.com\/jujuy\/wp-content\/uploads\/2018\/01\/1-105.png","_links":{"self":[{"href":"https:\/\/notinor.com\/jujuy\/wp-json\/wp\/v2\/posts\/157376"}],"collection":[{"href":"https:\/\/notinor.com\/jujuy\/wp-json\/wp\/v2\/posts"}],"about":[{"href":"https:\/\/notinor.com\/jujuy\/wp-json\/wp\/v2\/types\/post"}],"author":[{"embeddable":true,"href":"https:\/\/notinor.com\/jujuy\/wp-json\/wp\/v2\/users\/1"}],"replies":[{"embeddable":true,"href":"https:\/\/notinor.com\/jujuy\/wp-json\/wp\/v2\/comments?post=157376"}],"version-history":[{"count":1,"href":"https:\/\/notinor.com\/jujuy\/wp-json\/wp\/v2\/posts\/157376\/revisions"}],"predecessor-version":[{"id":157378,"href":"https:\/\/notinor.com\/jujuy\/wp-json\/wp\/v2\/posts\/157376\/revisions\/157378"}],"wp:featuredmedia":[{"embeddable":true,"href":"https:\/\/notinor.com\/jujuy\/wp-json\/wp\/v2\/media\/157377"}],"wp:attachment":[{"href":"https:\/\/notinor.com\/jujuy\/wp-json\/wp\/v2\/media?parent=157376"}],"wp:term":[{"taxonomy":"category","embeddable":true,"href":"https:\/\/notinor.com\/jujuy\/wp-json\/wp\/v2\/categories?post=157376"},{"taxonomy":"post_tag","embeddable":true,"href":"https:\/\/notinor.com\/jujuy\/wp-json\/wp\/v2\/tags?post=157376"}],"curies":[{"name":"wp","href":"https:\/\/api.w.org\/{rel}","templated":true}]}}